{"id":159222,"date":"2025-06-07T20:09:21","date_gmt":"2025-06-07T20:09:21","guid":{"rendered":"https:\/\/www.europesays.com\/fr\/159222\/"},"modified":"2025-06-07T20:09:21","modified_gmt":"2025-06-07T20:09:21","slug":"strasbourg-hommage-a-philippe-poirier-en-images-et-musiques-ce-lundi-9-juin-au-cinema-le-cosmos-2","status":"publish","type":"post","link":"https:\/\/www.europesays.com\/fr\/159222\/","title":{"rendered":"Strasbourg. Hommage \u00e0 Philippe Poirier en images et musiques ce lundi 9 juin au cin\u00e9ma Le Cosmos"},"content":{"rendered":"<p>En chansons, musiques, films jusqu\u2019\u00e0 son enseignement et <a href=\"https:\/\/www.dna.fr\/culture-loisirs\/2024\/04\/10\/on-fait-quoi-ce-week-end-nos-idees-de-sorties\" target=\"_blank\" rel=\"nofollow noopener\">r\u00e9centes miniatures \u00e0 l\u2019aquarelle<\/a> , Philippe Poirier traduisait sa qu\u00eate de beaut\u00e9 et de po\u00e9sie.<\/p>\n<p>Vivre dans la beaut\u00e9, se tenant \u00e0 l\u2019\u00e9cart de ce qui avilit l\u2019\u00e2me. Ainsi avan\u00e7ait-il aux c\u00f4t\u00e9s de Sylviane, sa compagne, Rom\u00e9o son fils, ses amis, artistes, collaborateurs ou simples connaissances.<\/p>\n<p>  \u00ab\u00a0Des films exigeants et po\u00e9tiques \u00a0\u00bb<\/p>\n<p>\u00ab\u00a0Fauch\u00e9 en plein accomplissement\u00a0\u00bb \u00e0 74 ans, comme le souligne <a href=\"http:\/\/www.dna.fr\/p\/rodolphe-burger\" target=\"_blank\" rel=\"nofollow noopener\">Rodolphe Burger<\/a> l\u2019ami de plus de quarante ans avec lequel avait \u00e9t\u00e9 fond\u00e9 le groupe mythique de rock strasbourgeois, Kat Onoma. \u00ab\u00a0 <a href=\"http:\/\/www.dna.fr\/culture-loisirs\/2025\/04\/29\/membre-fondateur-de-kat-onoma-philippe-poirier-s-est-eteint\" target=\"_blank\" rel=\"nofollow noopener\">C\u2019est un fr\u00e8re, dit-il qu\u2019il a perdu le 28\u00a0avril<\/a> , un \u00eatre exceptionnel d\u2019\u00e9l\u00e9gance, de d\u00e9licatesse et de modestie.\u00a0\u00bb<\/p>\n<p>De Dominique A, musicien et chanteur \u00e0 G\u00e9rard Haller, po\u00e8te, tous les t\u00e9moignages de ses amis et ceux qui ont travaill\u00e9 avec \u201cl\u2019amiral Poirier\u201d comme on l\u2019avait surnomm\u00e9, ravivent son \u00e9l\u00e9gance et sa douceur infinie.<\/p>\n<p>Une \u00e9l\u00e9gance qui va au-del\u00e0 d\u2019une mise physique toujours soign\u00e9e mais sans ostentation. Elle s\u2019entend d\u2019un point de vue \u00e9thique. Rien d\u2019\u00e9tonnant d\u00e8s lors qu\u2019il a su capter avec sensibilit\u00e9 la pens\u00e9e du regrett\u00e9 Jean-Luc Nancy. Du philosophe, Philippe Poirier nous laisse en effet, un t\u00e9moignage essentiel\u00a0: <a href=\"https:\/\/www.dna.fr\/edition-de-strasbourg\/2019\/08\/24\/l-experience-interieure-de-poirier-et-nancy\" target=\"_blank\" rel=\"nofollow noopener\">L\u2019exp\u00e9rience int\u00e9rieure <\/a><a href=\"https:\/\/www.dna.fr\/edition-de-strasbourg\/2019\/08\/24\/l-experience-interieure-de-poirier-et-nancy\" target=\"_blank\" rel=\"nofollow noopener\">(60 minutes, 2019)<\/a>. Ce film documentaire \u00e9crit avec le philosophe a \u00e9t\u00e9 produit par\u00a0Laurent Den\u00e9 de Sancho &amp; compagnie.<\/p>\n<p>\u00ab\u00a0Cela nous a occup\u00e9s pendant presque dix ans\u00a0\u00bb, indique le Strasbourgeois qui a produit d\u2019autres films de Philippe Poirier \u2013 Trait pour trait , un portrait de <a href=\"http:\/\/www.dna.fr\/p\/tomi-ungerer\" target=\"_blank\" rel=\"nofollow noopener\">Tomi Ungerer<\/a>, toujours visible au mus\u00e9e Ungerer, et Zuber &amp; Cox, impressions panoramiques sur le travail du plasticien Paul Cox \u00e0 la Manufacture de papiers peints de Rixheim ainsi qu\u2019 Animal museum \u00e9crit avec Marie Frering, sur le mus\u00e9e zoologique de Strasbourg.<\/p>\n<p>  Ne renoncer \u00e0 aucun de ses talents<\/p>\n<p>\u00ab\u00a0\u00c0 chaque fois, j\u2019\u00e9tais subjugu\u00e9 par la mani\u00e8re dont l\u2019univers de Philippe, ses images, ses musiques, sa narration, sa diction\u2026 transcendaient le sujet original pour nous emmener dans des films exigeants et po\u00e9tiques\u00a0\u00bb, remarque Laurent Den\u00e9. Le producteur est \u00e0 l\u2019initiative de cet hommage qui met l\u2019accent sur l\u2019homme d\u2019images. Un cr\u00e9ateur qui, toujours en recherche et en d\u00e9couverte, n\u2019a renonc\u00e9 \u00e0 aucun de ses talents.<\/p>\n<p>Outre L\u2019exp\u00e9rience int\u00e9rieure, la soir\u00e9e construite en partenariat avec Ososph\u00e8re et Mira, et introduite par le philosophe et \u00e9crivain Gilles A. Tiberghien pr\u00e9sente d\u2019autres r\u00e9alisations. Dont Une s\u00e9quence de 1928 (4\u00a0minutes, 2013), montage d\u2019images extraites du fonds Paul Spindler, Mira\u00a0; Trop de lumi\u00e8re (5\u00a0minutes, 2021), clip musical autoproduit, musique coproduite avec Rom\u00e9o Poirier. Suivis de Les aiguilles du pass\u00e9 (20\u00a0minutes, 2011), cr\u00e9ation vid\u00e9o r\u00e9alis\u00e9e \u00e0 partir de la performance donn\u00e9e lors de l\u2019Ososph\u00e8re au M\u00f4le Seegmuller.<\/p>\n<p>Dans l\u2019atelier de Philippe Poirier, Laurent Den\u00e9 dont les bureaux de production se trouvaient sur le m\u00eame palier, allait souvent \u00ab\u00a0prendre un caf\u00e9 assis dans de vieux fauteuils en velours. Entour\u00e9 par ses travaux en cours, ses dessins, ses peintures, ses pinceaux, ses crayons, ses guitares, une contrebasse pos\u00e9e au sol, un projecteur super 8 et de multiples objets qui donnaient \u00e0 ce lieu l\u2019allure d\u2019un \u00e9l\u00e9gant cabinet de curiosit\u00e9s\u00a0\u00bb.<\/p>\n<p class=\"note\">Cin\u00e9ma Le Cosmos, 3 rue des Francs-Bourgeois \u00e0 Strasbourg, lundi 9\u00a0juin \u00e0 20\u00a0h. Entr\u00e9e libre dans la limite des places disponibles.<\/p>\n","protected":false},"excerpt":{"rendered":"En chansons, musiques, films jusqu\u2019\u00e0 son enseignement et r\u00e9centes miniatures \u00e0 l\u2019aquarelle , Philippe Poirier traduisait sa qu\u00eate&hellip;\n","protected":false},"author":2,"featured_media":159223,"comment_status":"","ping_status":"","sticky":false,"template":"","format":"standard","meta":{"footnotes":""},"categories":[2820],"tags":[1111,11,2389,1687,2880,1777,674,107,1011,27,775,12,25,640,2879],"class_list":{"0":"post-159222","1":"post","2":"type-post","3":"status-publish","4":"format-standard","5":"has-post-thumbnail","7":"category-strasbourg","8":"tag-actu","9":"tag-actualites","10":"tag-alsace","11":"tag-culture-loisirs","12":"tag-edition-strasbourg","13":"tag-eu","14":"tag-europe","15":"tag-fil-info","16":"tag-fr","17":"tag-france","18":"tag-grand-est","19":"tag-news","20":"tag-republique-francaise","21":"tag-strasbourg","22":"tag-strasbourg-ville"},"share_on_mastodon":{"url":"https:\/\/pubeurope.com\/@fr\/114643898438311600","error":""},"_links":{"self":[{"href":"https:\/\/www.europesays.com\/fr\/wp-json\/wp\/v2\/posts\/159222","targetHints":{"allow":["GET"]}}],"collection":[{"href":"https:\/\/www.europesays.com\/fr\/wp-json\/wp\/v2\/posts"}],"about":[{"href":"https:\/\/www.europesays.com\/fr\/wp-json\/wp\/v2\/types\/post"}],"author":[{"embeddable":true,"href":"https:\/\/www.europesays.com\/fr\/wp-json\/wp\/v2\/users\/2"}],"replies":[{"embeddable":true,"href":"https:\/\/www.europesays.com\/fr\/wp-json\/wp\/v2\/comments?post=159222"}],"version-history":[{"count":0,"href":"https:\/\/www.europesays.com\/fr\/wp-json\/wp\/v2\/posts\/159222\/revisions"}],"wp:featuredmedia":[{"embeddable":true,"href":"https:\/\/www.europesays.com\/fr\/wp-json\/wp\/v2\/media\/159223"}],"wp:attachment":[{"href":"https:\/\/www.europesays.com\/fr\/wp-json\/wp\/v2\/media?parent=159222"}],"wp:term":[{"taxonomy":"category","embeddable":true,"href":"https:\/\/www.europesays.com\/fr\/wp-json\/wp\/v2\/categories?post=159222"},{"taxonomy":"post_tag","embeddable":true,"href":"https:\/\/www.europesays.com\/fr\/wp-json\/wp\/v2\/tags?post=159222"}],"curies":[{"name":"wp","href":"https:\/\/api.w.org\/{rel}","templated":true}]}}