{"id":159228,"date":"2025-06-07T20:12:09","date_gmt":"2025-06-07T20:12:09","guid":{"rendered":"https:\/\/www.europesays.com\/fr\/159228\/"},"modified":"2025-06-07T20:12:09","modified_gmt":"2025-06-07T20:12:09","slug":"sommet-de-locean-a-nice-une-centaine-de-personnes-ce-samedi-pour-un-grand-bain-organise-par-long-surfrider","status":"publish","type":"post","link":"https:\/\/www.europesays.com\/fr\/159228\/","title":{"rendered":"Sommet de l\u2019Oc\u00e9an \u00e0 Nice: une centaine de personnes ce samedi pour un grand bain organis\u00e9 par l\u2019ONG Surfrider"},"content":{"rendered":"<p>3, 2, 1, \u00e0 l\u2019eau! C\u2019est peu apr\u00e8s 11 heures, samedi 7 juin 2025 \u00e0 Nice, que le top d\u00e9part a \u00e9t\u00e9 donn\u00e9 \u00e0 la petite centaine de participants pour se jeter dans l\u2019eau. Si le mois de juin est propice \u00e0 la trempette, ce bain avait cette fois une vraie symbolique, \u00e0 deux jours de l\u2019ouverture officielle de la conf\u00e9rence des Nations-Unies sur l\u2019Oc\u00e9an.<\/p>\n<p>L\u2019\u00e9v\u00e8nement \u00e9tait organis\u00e9 par l\u2019ONG Surfrider, qui milite pour la protection des oc\u00e9ans et notamment la lutte contre la pollution plastique. \u00ab\u00a0C\u2019est un moment symbolique pour \u00e9lever la voix de mani\u00e8re pacifique et rappeler que l\u2019oc\u00e9an m\u00e9rite mieux que ce qu\u2019il a aujourd\u2019hui\u00a0\u00bb, a rappel\u00e9 \u00c9ric Morbo, le directeur de Surfrider.<\/p>\n<p>Sur la plage du Blue Beach, quelques baigneurs quasi professionnels, comme Gilles. Corps de nageur parfaitement bronz\u00e9 et sculpt\u00e9, il fait des comp\u00e9titions de nage en eau libre dans le monde entier. La mer, il la conna\u00eet, avec ses bons et ses mauvais aspects. \u00ab\u00a0Les gens doivent faire attention \u00e0 ne pas balancer des saloperies dans la mer. On en voit de tous les c\u00f4t\u00e9s\u00a0\u00bb, regrette-t-il. Ce grand bain, c\u2019\u00e9tait donc pour lui l\u2019occasion de faire une brasse de plus, mais aussi de porter un message.<\/p>\n<p>\u00ab\u00a0C\u2019est gr\u00e2ce \u00e0 l\u2019oc\u00e9an qu\u2019on respire\u00a0\u00bb<\/p>\n<p>\u00c0 quelques m\u00e8tres de Gilles, Ga\u00eblle s\u2019enduit de cr\u00e8me solaire. Elle est seulement amatrice de baignade quand elle en a le temps. \u00ab\u00a0On nous dit qu\u2019on prot\u00e8ge des espaces, alors qu\u2019on a des chalutiers qui d\u00e9truisent la flore maritime. Pourtant, c\u2019est gr\u00e2ce \u00e0 l\u2019oc\u00e9an qu\u2019on respire. Il y a urgence \u00e0 sensibiliser l\u2019humain sur les d\u00e9g\u00e2ts qu\u2019il lui cause\u00a0\u00bb, alerte la Ni\u00e7oise.<\/p>\n<p>Et puis il y avait les curieux, comme Andrea, cette touriste italienne venue nager en d\u00e9but de matin\u00e9e avant d\u2019apercevoir l\u2019agitation g\u00e9n\u00e9r\u00e9e par l\u2019\u00e9v\u00e8nement. \u00ab\u00a0\u00c0 ce que j\u2019ai compris, c\u2019est pour sensibiliser \u00e0 la pollution. Je vais participer pour passer un message de coh\u00e9sion: au lieu de prendre des d\u00e9cisions chacun dans notre coin, il faut qu\u2019on s\u2019entende tous\u00a0\u00bb, mart\u00e8le-t-elle.<\/p>\n<p>Un \u00ab\u00a0SOS\u00a0\u00bb sur la plage<\/p>\n<p>Tous les participants ont dessin\u00e9 un \u00ab\u00a0SOS\u00a0\u00bb sur la plage avant de finir de se mettre en maillot. Puis, dans une eau \u00e0 une vingtaine de degr\u00e9s, \u00ab\u00a0id\u00e9ale pour les nageurs\u00a0\u00bb selon Gilles, les participants se sont \u00e9lanc\u00e9s tranquillement et ont form\u00e9 un grand \u00ab\u00a0O\u00a0\u00bb, comme oc\u00e9an.<\/p>\n<p>Dans l\u2019eau, un sentiment de joie, de coh\u00e9sion et d\u2019unit\u00e9 autour d\u2019une m\u00eame cause. Sorti de l\u2019eau, Sofiane est ravi. \u00ab\u00a0C\u2019est l\u2019occasion de montrer qu\u2019il y a des initiatives citoyennes et des personnes mobilis\u00e9es pour la cause environnementale. \u00c7a fait plaisir de se r\u00e9unir avec des personnes qui partagent les m\u00eames convictions que nous et d\u2019autres curieux\u00a0\u00bb.<\/p>\n<p>Deux personnalit\u00e9s ni\u00e7oises s\u2019\u00e9taient m\u00eal\u00e9es \u00e0 la foule: Greg Lecoeur, photographe et \u00e0 l\u2019origine de plusieurs expositions de photos sous-marines dans les Alpes-Maritimes, et l\u2019apn\u00e9iste Guillaume N\u00e9ry, particuli\u00e8rement en col\u00e8re. \u00ab\u00a0\u00c7a fait des d\u00e9cennies que la science se bat pour \u00e9tablir des constats et montrer qu\u2019on est en train de vivre la catastrophe, alors qu\u2019on pourrait prendre des mesures fortes rapidement\u00a0\u00bb, s\u2019agace le champion du monde d\u2019apn\u00e9e. Samedi, c\u2019\u00e9tait donc l\u2019occasion pour lui de l\u2019affirmer symboliquement.<\/p>\n","protected":false},"excerpt":{"rendered":"3, 2, 1, \u00e0 l\u2019eau! C\u2019est peu apr\u00e8s 11 heures, samedi 7 juin 2025 \u00e0 Nice, que le&hellip;\n","protected":false},"author":2,"featured_media":159229,"comment_status":"","ping_status":"","sticky":false,"template":"","format":"standard","meta":{"footnotes":""},"categories":[2819],"tags":[1111,11,1777,674,1011,27,12,2401,882,25,3366],"class_list":{"0":"post-159228","1":"post","2":"type-post","3":"status-publish","4":"format-standard","5":"has-post-thumbnail","7":"category-nice","8":"tag-actu","9":"tag-actualites","10":"tag-eu","11":"tag-europe","12":"tag-fr","13":"tag-france","14":"tag-news","15":"tag-nice","16":"tag-provence-alpes-cote-dazur","17":"tag-republique-francaise","18":"tag-vie-locale"},"share_on_mastodon":{"url":"https:\/\/pubeurope.com\/@fr\/114643910256275749","error":""},"_links":{"self":[{"href":"https:\/\/www.europesays.com\/fr\/wp-json\/wp\/v2\/posts\/159228","targetHints":{"allow":["GET"]}}],"collection":[{"href":"https:\/\/www.europesays.com\/fr\/wp-json\/wp\/v2\/posts"}],"about":[{"href":"https:\/\/www.europesays.com\/fr\/wp-json\/wp\/v2\/types\/post"}],"author":[{"embeddable":true,"href":"https:\/\/www.europesays.com\/fr\/wp-json\/wp\/v2\/users\/2"}],"replies":[{"embeddable":true,"href":"https:\/\/www.europesays.com\/fr\/wp-json\/wp\/v2\/comments?post=159228"}],"version-history":[{"count":0,"href":"https:\/\/www.europesays.com\/fr\/wp-json\/wp\/v2\/posts\/159228\/revisions"}],"wp:featuredmedia":[{"embeddable":true,"href":"https:\/\/www.europesays.com\/fr\/wp-json\/wp\/v2\/media\/159229"}],"wp:attachment":[{"href":"https:\/\/www.europesays.com\/fr\/wp-json\/wp\/v2\/media?parent=159228"}],"wp:term":[{"taxonomy":"category","embeddable":true,"href":"https:\/\/www.europesays.com\/fr\/wp-json\/wp\/v2\/categories?post=159228"},{"taxonomy":"post_tag","embeddable":true,"href":"https:\/\/www.europesays.com\/fr\/wp-json\/wp\/v2\/tags?post=159228"}],"curies":[{"name":"wp","href":"https:\/\/api.w.org\/{rel}","templated":true}]}}