{"id":159241,"date":"2025-06-07T20:19:29","date_gmt":"2025-06-07T20:19:29","guid":{"rendered":"https:\/\/www.europesays.com\/fr\/159241\/"},"modified":"2025-06-07T20:19:29","modified_gmt":"2025-06-07T20:19:29","slug":"dans-le-nord-ecrasee-par-un-camion-elle-reussit-a-sauver-son-petit-fils-en-ecartant-sa","status":"publish","type":"post","link":"https:\/\/www.europesays.com\/fr\/159241\/","title":{"rendered":"Dans le Nord, \u00e9cras\u00e9e par un camion, elle r\u00e9ussit \u00e0 sauver son petit-fils en \u00e9cartant sa"},"content":{"rendered":"<p>Un grave accident est survenu dans la matin\u00e9e de ce vendredi 6\u00a0juin 2025, \u00e0 Lambersart, une commune situ\u00e9e pr\u00e8s de Lille (Nord).\u00a0Selon les informations de  <a href=\"https:\/\/www.lavoixdunord.fr\/1593096\/article\/2025-06-06\/lille-et-lambersart-une-retraitee-avec-une-poussette-ecrasee-par-un-camion\" target=\"_blank\" rel=\"noopener\">La Voix du Nord<\/a> , une retrait\u00e9e a \u00e9t\u00e9 percut\u00e9e par un camion alors qu\u2019elle venait de d\u00e9poser ses petits-enfants \u00e0 l\u2019\u00e9cole. Elle repartait avec un autre enfant dans une poussette, lorsqu\u2019elle a \u00e9t\u00e9 \u00e9cras\u00e9e par le v\u00e9hicule.<\/p>\n<p>L\u2019accident a eu lieu aux alentours de 8\u00a0h\u00a030, sur un passage pi\u00e9ton. <strong>\u00ab\u00a0Elle avait d\u00e9j\u00e0 travers\u00e9 la moiti\u00e9. Le camion est arriv\u00e9, elle a juste eu le temps de pousser la poussette vers l\u2019avant\u00a0\u00bb,<\/strong> raconte un t\u00e9moin, choqu\u00e9 par la sc\u00e8ne. Gr\u00e2ce \u00e0 ce r\u00e9flexe, l\u2019enfant \u00e2g\u00e9 de 1\u00a0an s\u2019en est sorti indemne. Il a toutefois \u00e9t\u00e9 transport\u00e9 \u00e0 l\u2019h\u00f4pital par pr\u00e9caution.<\/p>\n<p>Le pronostic vital de la victime engag\u00e9<\/p>\n<p>Le camion de 15\u00a0tonnes a roul\u00e9 sur les jambes de la retrait\u00e9e, qui a \u00e9t\u00e9 gri\u00e8vement bless\u00e9e. \u00c0 l\u2019arriv\u00e9e des secours, elle \u00e9tait consciente mais\u00a0se trouvait dans un \u00e9tat grave.\u00a0Elle souffre\u00a0de plusieurs fractures et son pronostic vital est engag\u00e9, d\u2019apr\u00e8s nos confr\u00e8res de  <a href=\"https:\/\/france3-regions.franceinfo.fr\/hauts-de-france\/nord-0\/lille\/un-camion-ecrase-une-retraitee-avec-une-poussette-devant-une-ecole-son-pronostic-vital-est-engage-l-accident-de-trop-pour-l-ensemble-scolaire-3166674.html\" target=\"_blank\" rel=\"noopener\">France 3\u00a0Hauts-de-France<\/a> . Elle a \u00e9t\u00e9 prise en charge sur place puis transport\u00e9e \u00e0 l\u2019h\u00f4pital.<\/p>\n<p>Le chauffeur du camion a \u00e9t\u00e9 plac\u00e9 en garde \u00e0 vue et une\u00a0enqu\u00eate a \u00e9t\u00e9 ouverte afin de d\u00e9terminer les circonstances pr\u00e9cises des faits. D\u2019apr\u00e8s les premiers \u00e9l\u00e9ments, il s\u2019est arr\u00eat\u00e9 pour laisser passer des pi\u00e9tons puis a red\u00e9marr\u00e9 au moment o\u00f9 la retrait\u00e9e s\u2019est engag\u00e9e. Il ne l\u2019aurait pas vue.\u00a0<\/p>\n<p>\u00a0<\/p>\n","protected":false},"excerpt":{"rendered":"Un grave accident est survenu dans la matin\u00e9e de ce vendredi 6\u00a0juin 2025, \u00e0 Lambersart, une commune situ\u00e9e&hellip;\n","protected":false},"author":2,"featured_media":159242,"comment_status":"","ping_status":"","sticky":false,"template":"","format":"standard","meta":{"footnotes":""},"categories":[2815],"tags":[1111,11,660,29039,29037,1777,674,1011,27,811,1307,12,1308,29038,29040,25,11146,9874],"class_list":{"0":"post-159241","1":"post","2":"type-post","3":"status-publish","4":"format-standard","5":"has-post-thumbnail","7":"category-lille","8":"tag-actu","9":"tag-actualites","10":"tag-camion","11":"tag-ecartant","12":"tag-ecrasee","13":"tag-eu","14":"tag-europe","15":"tag-fr","16":"tag-france","17":"tag-hauts-de-france","18":"tag-lille","19":"tag-news","20":"tag-nord","21":"tag-petit-fils","22":"tag-poussette","23":"tag-republique-francaise","24":"tag-reussit","25":"tag-sauver"},"share_on_mastodon":{"url":"https:\/\/pubeurope.com\/@fr\/114643937737729780","error":""},"_links":{"self":[{"href":"https:\/\/www.europesays.com\/fr\/wp-json\/wp\/v2\/posts\/159241","targetHints":{"allow":["GET"]}}],"collection":[{"href":"https:\/\/www.europesays.com\/fr\/wp-json\/wp\/v2\/posts"}],"about":[{"href":"https:\/\/www.europesays.com\/fr\/wp-json\/wp\/v2\/types\/post"}],"author":[{"embeddable":true,"href":"https:\/\/www.europesays.com\/fr\/wp-json\/wp\/v2\/users\/2"}],"replies":[{"embeddable":true,"href":"https:\/\/www.europesays.com\/fr\/wp-json\/wp\/v2\/comments?post=159241"}],"version-history":[{"count":0,"href":"https:\/\/www.europesays.com\/fr\/wp-json\/wp\/v2\/posts\/159241\/revisions"}],"wp:featuredmedia":[{"embeddable":true,"href":"https:\/\/www.europesays.com\/fr\/wp-json\/wp\/v2\/media\/159242"}],"wp:attachment":[{"href":"https:\/\/www.europesays.com\/fr\/wp-json\/wp\/v2\/media?parent=159241"}],"wp:term":[{"taxonomy":"category","embeddable":true,"href":"https:\/\/www.europesays.com\/fr\/wp-json\/wp\/v2\/categories?post=159241"},{"taxonomy":"post_tag","embeddable":true,"href":"https:\/\/www.europesays.com\/fr\/wp-json\/wp\/v2\/tags?post=159241"}],"curies":[{"name":"wp","href":"https:\/\/api.w.org\/{rel}","templated":true}]}}