{"id":159245,"date":"2025-06-07T20:21:09","date_gmt":"2025-06-07T20:21:09","guid":{"rendered":"https:\/\/www.europesays.com\/fr\/159245\/"},"modified":"2025-06-07T20:21:09","modified_gmt":"2025-06-07T20:21:09","slug":"le-12-juin-1976-le-quai-pagnol-etait-inaugure-sur-le-vieux-port-a-marseille","status":"publish","type":"post","link":"https:\/\/www.europesays.com\/fr\/159245\/","title":{"rendered":"Le 12 juin 1976, le quai Pagnol \u00e9tait inaugur\u00e9 sur le Vieux-Port \u00e0 Marseille"},"content":{"rendered":"<p>\u00ab\u00a0Un quai Pagnol sur le Vieux-Port\u00a0\u00bb, titrait Le Proven\u00e7al dans son \u00e9dition du 12\u00a0juin\u00a01976. Ce jour-l\u00e0, le maire de Marseille, Gaston Defferre (1910-1986) inaugurait le quai <a href=\"https:\/\/www.laprovence.com\/article\/culture-loisirs\/52100724148763\/pays-d-aubagne-et-de-l-etoile-neuf-nouvelles-dates-de-balades-theatrales-pour-les-130-ans-de-marcel-pagnol\" target=\"_blank\" rel=\"nofollow noopener\">Pagnol<\/a>\u00a0situ\u00e9 entre la capitainerie du Vieux-Port et le <a href=\"https:\/\/www.laprovence.com\/article\/region\/1191907043930214\/le-fort-saint-nicolas-a-marseille-plebiscite-depuis-son-ouverture-au-public\" target=\"_blank\" rel=\"nofollow noopener\">Fort Saint-Nicolas<\/a>, en pr\u00e9sence de sa veuve Jacqueline Pagnol et de leur fils. Le long du quai de la Rive Neuve, la c\u00e9r\u00e9monie rassemblait des centaines de Marseillais.<\/p>\n<p>Un quai Pagnol sur le Vieux-Port et \u00e0 La Ciotat<\/p>\n<p>\u00ab\u00a0La question ne se posait pas de savoir si nous donnerions \u00e0 une rue, \u00e0 une place, \u00e0 un quai de Marseille, le nom de Marcel Pagnol. Cela allait de soi. La seule question qui se posait, \u00e9tait de savoir quelle serait cette rue, cette place ou ce quai. Nous pensons que le lieu devait \u00e9videmment se situer autour du Vieux-Port, c\u2019est-\u00e0-dire l\u00e0 o\u00f9 la plupart de ses personnages ont \u00e9t\u00e9 cr\u00e9\u00e9s\u00a0\u00bb, affirmait lors de son discours d\u2019inauguration Gaston Defferre.<\/p>\n","protected":false},"excerpt":{"rendered":"\u00ab\u00a0Un quai Pagnol sur le Vieux-Port\u00a0\u00bb, titrait Le Proven\u00e7al dans son \u00e9dition du 12\u00a0juin\u00a01976. Ce jour-l\u00e0, le maire&hellip;\n","protected":false},"author":2,"featured_media":159246,"comment_status":"","ping_status":"","sticky":false,"template":"","format":"standard","meta":{"footnotes":""},"categories":[2814],"tags":[29041,17,1111,11,8485,1777,674,1011,27,20822,3687,884,12,18592,882,29042,16,25,3356],"class_list":{"0":"post-159245","1":"post","2":"type-post","3":"status-publish","4":"format-standard","5":"has-post-thumbnail","7":"category-marseille","8":"tag-29041","9":"tag-17","10":"tag-actu","11":"tag-actualites","12":"tag-etait","13":"tag-eu","14":"tag-europe","15":"tag-fr","16":"tag-france","17":"tag-inaugure","18":"tag-juin","19":"tag-marseille","20":"tag-news","21":"tag-pagnol","22":"tag-provence-alpes-cote-dazur","23":"tag-quai","24":"tag-region","25":"tag-republique-francaise","26":"tag-sur"},"share_on_mastodon":{"url":"https:\/\/pubeurope.com\/@fr\/114643945643739479","error":""},"_links":{"self":[{"href":"https:\/\/www.europesays.com\/fr\/wp-json\/wp\/v2\/posts\/159245","targetHints":{"allow":["GET"]}}],"collection":[{"href":"https:\/\/www.europesays.com\/fr\/wp-json\/wp\/v2\/posts"}],"about":[{"href":"https:\/\/www.europesays.com\/fr\/wp-json\/wp\/v2\/types\/post"}],"author":[{"embeddable":true,"href":"https:\/\/www.europesays.com\/fr\/wp-json\/wp\/v2\/users\/2"}],"replies":[{"embeddable":true,"href":"https:\/\/www.europesays.com\/fr\/wp-json\/wp\/v2\/comments?post=159245"}],"version-history":[{"count":0,"href":"https:\/\/www.europesays.com\/fr\/wp-json\/wp\/v2\/posts\/159245\/revisions"}],"wp:featuredmedia":[{"embeddable":true,"href":"https:\/\/www.europesays.com\/fr\/wp-json\/wp\/v2\/media\/159246"}],"wp:attachment":[{"href":"https:\/\/www.europesays.com\/fr\/wp-json\/wp\/v2\/media?parent=159245"}],"wp:term":[{"taxonomy":"category","embeddable":true,"href":"https:\/\/www.europesays.com\/fr\/wp-json\/wp\/v2\/categories?post=159245"},{"taxonomy":"post_tag","embeddable":true,"href":"https:\/\/www.europesays.com\/fr\/wp-json\/wp\/v2\/tags?post=159245"}],"curies":[{"name":"wp","href":"https:\/\/api.w.org\/{rel}","templated":true}]}}