{"id":159247,"date":"2025-06-07T20:22:13","date_gmt":"2025-06-07T20:22:13","guid":{"rendered":"https:\/\/www.europesays.com\/fr\/159247\/"},"modified":"2025-06-07T20:22:13","modified_gmt":"2025-06-07T20:22:13","slug":"sur-la-place-labadie-a-marseille-la-concertation-comme-un-exutoire","status":"publish","type":"post","link":"https:\/\/www.europesays.com\/fr\/159247\/","title":{"rendered":"Sur la place Labadi\u00e9 \u00e0 Marseille, la concertation comme un exutoire"},"content":{"rendered":"<p>Des transats, du popcorn, du caf\u00e9 et des jus de fruits gratuits mix\u00e9s gr\u00e2ce \u00e0 un v\u00e9lo chargeur, des stands d\u2019information et d\u2019\u00e9changes pour parler urbanisme, f\u00eate de quartier et stages sportifs, des panneaux explicatifs des am\u00e9nagements souhait\u00e9s par les habitants lors de<a href=\"https:\/\/www.laprovence.com\/article\/region\/1004357209703216\/agressions-de-riverains-trafics-reseaux-de-prostitution-violents-vers-un-avenir-pieton-a-labadie-a-marseille\" target=\"_blank\" rel=\"noopener\"> la derni\u00e8re concertation de fin\u00a02023<\/a>, et des sourires partout\u00a0: la mairie des 1er et 7e arrondissements avait mis les petits plats dans les grands ce samedi 7\u00a0juin, place Alexandre-Labadi\u00e9 (1er) pour son op\u00e9ration \u00ab\u00a0prenez place\u00a0\u00bb, destin\u00e9e \u00e0 exp\u00e9rimenter la pi\u00e9tonnisation de la place et des rues alentours.<\/p>\n","protected":false},"excerpt":{"rendered":"Des transats, du popcorn, du caf\u00e9 et des jus de fruits gratuits mix\u00e9s gr\u00e2ce \u00e0 un v\u00e9lo chargeur,&hellip;\n","protected":false},"author":2,"featured_media":159248,"comment_status":"","ping_status":"","sticky":false,"template":"","format":"standard","meta":{"footnotes":""},"categories":[2814],"tags":[17,1111,11,29043,1777,674,1011,27,29044,884,12,5536,378,27561,882,25,104,28623],"class_list":{"0":"post-159247","1":"post","2":"type-post","3":"status-publish","4":"format-standard","5":"has-post-thumbnail","7":"category-marseille","8":"tag-17","9":"tag-actu","10":"tag-actualites","11":"tag-embellit","12":"tag-eu","13":"tag-europe","14":"tag-fr","15":"tag-france","16":"tag-labadie","17":"tag-marseille","18":"tag-news","19":"tag-place","20":"tag-plus","21":"tag-prostituees","22":"tag-provence-alpes-cote-dazur","23":"tag-republique-francaise","24":"tag-societe","25":"tag-trafiquants"},"share_on_mastodon":{"url":"https:\/\/pubeurope.com\/@fr\/114643949529637390","error":""},"_links":{"self":[{"href":"https:\/\/www.europesays.com\/fr\/wp-json\/wp\/v2\/posts\/159247","targetHints":{"allow":["GET"]}}],"collection":[{"href":"https:\/\/www.europesays.com\/fr\/wp-json\/wp\/v2\/posts"}],"about":[{"href":"https:\/\/www.europesays.com\/fr\/wp-json\/wp\/v2\/types\/post"}],"author":[{"embeddable":true,"href":"https:\/\/www.europesays.com\/fr\/wp-json\/wp\/v2\/users\/2"}],"replies":[{"embeddable":true,"href":"https:\/\/www.europesays.com\/fr\/wp-json\/wp\/v2\/comments?post=159247"}],"version-history":[{"count":0,"href":"https:\/\/www.europesays.com\/fr\/wp-json\/wp\/v2\/posts\/159247\/revisions"}],"wp:featuredmedia":[{"embeddable":true,"href":"https:\/\/www.europesays.com\/fr\/wp-json\/wp\/v2\/media\/159248"}],"wp:attachment":[{"href":"https:\/\/www.europesays.com\/fr\/wp-json\/wp\/v2\/media?parent=159247"}],"wp:term":[{"taxonomy":"category","embeddable":true,"href":"https:\/\/www.europesays.com\/fr\/wp-json\/wp\/v2\/categories?post=159247"},{"taxonomy":"post_tag","embeddable":true,"href":"https:\/\/www.europesays.com\/fr\/wp-json\/wp\/v2\/tags?post=159247"}],"curies":[{"name":"wp","href":"https:\/\/api.w.org\/{rel}","templated":true}]}}