{"id":159269,"date":"2025-06-07T20:35:12","date_gmt":"2025-06-07T20:35:12","guid":{"rendered":"https:\/\/www.europesays.com\/fr\/159269\/"},"modified":"2025-06-07T20:35:12","modified_gmt":"2025-06-07T20:35:12","slug":"des-doutes-a-chasser-pour-lequipe-de-france-face-a-lallemagne","status":"publish","type":"post","link":"https:\/\/www.europesays.com\/fr\/159269\/","title":{"rendered":"des doutes \u00e0 chasser pour l&rsquo;\u00e9quipe de France face \u00e0 l&rsquo;Allemagne"},"content":{"rendered":"<p>Trois jours apr\u00e8s sa d\u00e9route d\u00e9fensive face \u00e0 l&rsquo;Espagne (4-5), l&rsquo;\u00e9quipe de France d\u00e9fie l&rsquo;Allemagne lors du match pour la troisi\u00e8me place de la Ligue des nations, dimanche \u00e0 Stuttgart. Avec l&rsquo;objectif de terminer sa saison sur une note positive et d&#8217;emp\u00eacher le doute s&rsquo;installer \u00e0 un an du Mondial 2026.<\/p>\n<p>Malgr\u00e9 les quatre buts inscrits en deuxi\u00e8me p\u00e9riode contre l&rsquo;Espagne, ce sont surtout les errements de l&rsquo;arri\u00e8re-garde fran\u00e7aise qui ont marqu\u00e9 les esprits en demi-finales, laissant un sentiment \u00ab mitig\u00e9 \u00bb au s\u00e9lectionneur Didier Deschamps. Si les retrouvailles avec le rival allemand auront pour cadre une partie sans r\u00e9el enjeu sportif, elles tombent \u00e0 point nomm\u00e9 pour offrir aux Bleus une belle occasion de se racheter contre un adversaire prestigieux et d&rsquo;\u00e9viter de sombrer totalement dans la sinistrose avant le d\u00e9but des qualifications pour la prochaine Coupe du monde en septembre.<\/p>\n<p>Le test ne sera pas anodin devant le public allemand et face \u00e0 une formation qui avait surclass\u00e9 les vice-champions du monde le 23 mars 2024 en amical \u00e0 Lyon (2-0). D&rsquo;autant que les hommes de Julian Nagelsmann seront \u00e9galement revanchards apr\u00e8s avoir subi la loi du Portugal sur leur sol (2-1) \u00e0 Munich.<\/p>\n<p>Le revers contre l&rsquo;Allemagne il y a un peu plus d&rsquo;un an a \u00e9t\u00e9 le pr\u00e9lude d&rsquo;une p\u00e9riode gu\u00e8re enthousiasmante pour la France qui a encha\u00een\u00e9 depuis les prestations sans grande saveur malgr\u00e9 un rang de demi-finaliste \u00e0 l&rsquo;Euro 2024. Un sursaut serait le bienvenu pour aborder sans turbulences le dernier exercice de Deschamps \u00e0 la t\u00eate des Bleus et la qu\u00eate d&rsquo;un billet pour le Mondial 2026 aux \u00c9tats-Unis, au Mexique et au Canada, l&rsquo;objectif majeur de l&rsquo;ann\u00e9e prochaine.<\/p>\n<p><a href=\"https:\/\/www.rfi.fr\/fr\/sports\/20250607-ligue-des-nations-des-doutes-%C3%A0-chasser-pour-l-%C3%A9quipe-de-france-face-%C3%A0-l-allemagne\" rel=\"nofollow noopener\" target=\"_blank\" data-ylk=\"slk:Lire la suite sur RFI;elm:context_link;itc:0;sec:content-canvas\" class=\"link \">Lire la suite sur RFI<\/a><\/p>\n","protected":false},"excerpt":{"rendered":"Trois jours apr\u00e8s sa d\u00e9route d\u00e9fensive face \u00e0 l&rsquo;Espagne (4-5), l&rsquo;\u00e9quipe de France d\u00e9fie l&rsquo;Allemagne lors du match&hellip;\n","protected":false},"author":2,"featured_media":159270,"comment_status":"","ping_status":"","sticky":false,"template":"","format":"standard","meta":{"footnotes":""},"categories":[1587],"tags":[11,672,1804,1805,1803,20532,1777,674,27,1801,3442,28345,12,1802,12500],"class_list":{"0":"post-159269","1":"post","2":"type-post","3":"status-publish","4":"format-standard","5":"has-post-thumbnail","7":"category-allemagne","8":"tag-actualites","9":"tag-allemagne","10":"tag-bundesrepublik-deutschland","11":"tag-de","12":"tag-deutschland","13":"tag-didier-deschamps","14":"tag-eu","15":"tag-europe","16":"tag-france","17":"tag-germany","18":"tag-lallemagne","19":"tag-la-ligue-des-nations","20":"tag-news","21":"tag-republique-federale-dallemagne","22":"tag-stuttgart"},"share_on_mastodon":{"url":"https:\/\/pubeurope.com\/@fr\/114644000704555353","error":""},"_links":{"self":[{"href":"https:\/\/www.europesays.com\/fr\/wp-json\/wp\/v2\/posts\/159269","targetHints":{"allow":["GET"]}}],"collection":[{"href":"https:\/\/www.europesays.com\/fr\/wp-json\/wp\/v2\/posts"}],"about":[{"href":"https:\/\/www.europesays.com\/fr\/wp-json\/wp\/v2\/types\/post"}],"author":[{"embeddable":true,"href":"https:\/\/www.europesays.com\/fr\/wp-json\/wp\/v2\/users\/2"}],"replies":[{"embeddable":true,"href":"https:\/\/www.europesays.com\/fr\/wp-json\/wp\/v2\/comments?post=159269"}],"version-history":[{"count":0,"href":"https:\/\/www.europesays.com\/fr\/wp-json\/wp\/v2\/posts\/159269\/revisions"}],"wp:featuredmedia":[{"embeddable":true,"href":"https:\/\/www.europesays.com\/fr\/wp-json\/wp\/v2\/media\/159270"}],"wp:attachment":[{"href":"https:\/\/www.europesays.com\/fr\/wp-json\/wp\/v2\/media?parent=159269"}],"wp:term":[{"taxonomy":"category","embeddable":true,"href":"https:\/\/www.europesays.com\/fr\/wp-json\/wp\/v2\/categories?post=159269"},{"taxonomy":"post_tag","embeddable":true,"href":"https:\/\/www.europesays.com\/fr\/wp-json\/wp\/v2\/tags?post=159269"}],"curies":[{"name":"wp","href":"https:\/\/api.w.org\/{rel}","templated":true}]}}