{"id":159273,"date":"2025-06-07T20:37:09","date_gmt":"2025-06-07T20:37:09","guid":{"rendered":"https:\/\/www.europesays.com\/fr\/159273\/"},"modified":"2025-06-07T20:37:09","modified_gmt":"2025-06-07T20:37:09","slug":"la-chine-dit-etre-prete-a-accelerer-lexportation-de-terres-rares-vers-lue","status":"publish","type":"post","link":"https:\/\/www.europesays.com\/fr\/159273\/","title":{"rendered":"La Chine dit \u00eatre pr\u00eate \u00e0 acc\u00e9l\u00e9rer l\u2019exportation de terres rares vers l\u2019UE"},"content":{"rendered":"<p>AA\/Istanbul\/ Saadet Gokce<\/p>\n<p>La Chine a d\u00e9clar\u00e9 cette semaine qu\u2019elle est pr\u00eate \u00e0 acc\u00e9l\u00e9rer les approbations \u00e0 l\u2019exportation de minerais de terres rares vers l\u2019Union europ\u00e9enne, dans une tentative d\u2019apaiser les tensions commerciales avant des d\u00e9cisions cl\u00e9s sur les tarifs douaniers et les mesures antidumping.<\/p>\n<p>\u00ab La Chine accorde une grande importance aux pr\u00e9occupations de l\u2019UE et est dispos\u00e9e \u00e0 \u00e9tablir une voie verte pour les demandes qualifi\u00e9es afin d\u2019acc\u00e9l\u00e9rer le processus d\u2019approbation \u00bb, a d\u00e9clar\u00e9 un porte-parole du minist\u00e8re chinois du Commerce, selon un communiqu\u00e9 publi\u00e9 samedi.<\/p>\n<p>Le ministre du Commerce, Wang Wentao, a \u00e9galement exhort\u00e9 l\u2019UE \u00e0 coop\u00e9rer : \u00ab Nous esp\u00e9rons que l\u2019UE fera un pas en avant et prendra des mesures efficaces pour faciliter, prot\u00e9ger et promouvoir le commerce conforme des produits de haute technologie vers la Chine. \u00bb<\/p>\n<p>Mardi, Wang s\u2019est entretenu \u00e0 Paris avec Maros Sefcovic, commissaire europ\u00e9en au commerce et \u00e0 la s\u00e9curit\u00e9 \u00e9conomique.<\/p>\n<p>Les deux ont discut\u00e9 des contr\u00f4les sur les minerais de terres rares ainsi que des enqu\u00eates en cours sur les exportations de brandy de l\u2019UE et les v\u00e9hicules \u00e9lectriques chinois.<\/p>\n<p>Concernant le brandy, le porte-parole a indiqu\u00e9 que les producteurs fran\u00e7ais et les associations industrielles avaient soumis des engagements de prix \u00e0 P\u00e9kin.<\/p>\n<p>La Chine s\u2019est mise d\u2019accord avec eux sur les termes cl\u00e9s et, si ceux-ci passent l\u2019examen, une d\u00e9cision finale est attendue avant le 5 juillet.<\/p>\n<p>La Chine avait lanc\u00e9 l\u2019enqu\u00eate antidumping plus t\u00f4t cette ann\u00e9e, invoquant des inqui\u00e9tudes sur les pratiques tarifaires des producteurs europ\u00e9ens.<\/p>\n<p>Wang et Sefcovic ont aussi \u00e9voqu\u00e9 l\u2019enqu\u00eate antidumping de l\u2019UE sur les v\u00e9hicules \u00e9lectriques chinois, qui a conduit \u00e0 des hausses tarifaires sur les importations en provenance de Chine.<\/p>\n<p>Selon le porte-parole, les deux parties approchent de la fin des consultations sur les engagements de prix, bien que certaines questions restent en suspens.<\/p>\n<p>L\u2019UE a propos\u00e9 d\u2019explorer \u00ab de nouvelles voies techniques \u00bb, a ajout\u00e9 le porte-parole, pr\u00e9cisant que P\u00e9kin examine cette proposition.<\/p>\n<p>Ces discussions interviennent alors que Bruxelles et P\u00e9kin cherchent \u00e0 apaiser les frictions li\u00e9es aux politiques commerciales et aux subventions industrielles, dans un contexte de concurrence croissante dans les secteurs des v\u00e9hicules \u00e9lectriques, des semi-conducteurs et des cha\u00eenes d\u2019approvisionnement en minerais critiques.<\/p>\n<p>Traduit de l&rsquo;anglais par Sanaa Amir <\/p>\n<p>                            &#13;<br \/>\n                                <a href=\"https:\/\/www.aa.com.tr\/fr\/p\/abonnement\/1001\" target=\"_blank\" style=\"font-size:12px; color:#444; text-decoration:none;\" rel=\"noopener\">&#13;<br \/>\n                                    Seulement une partie des d\u00e9p\u00eaches, que l&rsquo;Agence Anadolu diffuse \u00e0 ses abonn\u00e9s via le Syst\u00e8me de Diffusion interne (HAS), est diffus\u00e9e sur le site de l&rsquo;AA, de mani\u00e8re r\u00e9sum\u00e9e. <b style=\"color:#1897F7\">Contactez-nous s&rsquo;il vous pla\u00eet pour vous abonner.<\/b>&#13;<br \/>\n                                <\/a>&#13;<\/p>\n","protected":false},"excerpt":{"rendered":"AA\/Istanbul\/ Saadet Gokce La Chine a d\u00e9clar\u00e9 cette semaine qu\u2019elle est pr\u00eate \u00e0 acc\u00e9l\u00e9rer les approbations \u00e0 l\u2019exportation&hellip;\n","protected":false},"author":2,"featured_media":159274,"comment_status":"","ping_status":"","sticky":false,"template":"","format":"standard","meta":{"footnotes":""},"categories":[1586],"tags":[11,1785,309,1777,674,1779,1011,27,12,25,1778,9213,364],"class_list":{"0":"post-159273","1":"post","2":"type-post","3":"status-publish","4":"format-standard","5":"has-post-thumbnail","7":"category-europe","8":"tag-actualites","9":"tag-anadolu-ajansi","10":"tag-chine","11":"tag-eu","12":"tag-europe","13":"tag-european-union","14":"tag-fr","15":"tag-france","16":"tag-news","17":"tag-republique-francaise","18":"tag-ue","19":"tag-union-europenne","20":"tag-union-europeenne"},"share_on_mastodon":{"url":"https:\/\/pubeurope.com\/@fr\/114644008577989566","error":""},"_links":{"self":[{"href":"https:\/\/www.europesays.com\/fr\/wp-json\/wp\/v2\/posts\/159273","targetHints":{"allow":["GET"]}}],"collection":[{"href":"https:\/\/www.europesays.com\/fr\/wp-json\/wp\/v2\/posts"}],"about":[{"href":"https:\/\/www.europesays.com\/fr\/wp-json\/wp\/v2\/types\/post"}],"author":[{"embeddable":true,"href":"https:\/\/www.europesays.com\/fr\/wp-json\/wp\/v2\/users\/2"}],"replies":[{"embeddable":true,"href":"https:\/\/www.europesays.com\/fr\/wp-json\/wp\/v2\/comments?post=159273"}],"version-history":[{"count":0,"href":"https:\/\/www.europesays.com\/fr\/wp-json\/wp\/v2\/posts\/159273\/revisions"}],"wp:featuredmedia":[{"embeddable":true,"href":"https:\/\/www.europesays.com\/fr\/wp-json\/wp\/v2\/media\/159274"}],"wp:attachment":[{"href":"https:\/\/www.europesays.com\/fr\/wp-json\/wp\/v2\/media?parent=159273"}],"wp:term":[{"taxonomy":"category","embeddable":true,"href":"https:\/\/www.europesays.com\/fr\/wp-json\/wp\/v2\/categories?post=159273"},{"taxonomy":"post_tag","embeddable":true,"href":"https:\/\/www.europesays.com\/fr\/wp-json\/wp\/v2\/tags?post=159273"}],"curies":[{"name":"wp","href":"https:\/\/api.w.org\/{rel}","templated":true}]}}