{"id":159289,"date":"2025-06-07T20:47:10","date_gmt":"2025-06-07T20:47:10","guid":{"rendered":"https:\/\/www.europesays.com\/fr\/159289\/"},"modified":"2025-06-07T20:47:10","modified_gmt":"2025-06-07T20:47:10","slug":"une-question-de-volonte-et-de-mental-retient-coco-gauff-comblee","status":"publish","type":"post","link":"https:\/\/www.europesays.com\/fr\/159289\/","title":{"rendered":"\u00abUne question de volont\u00e9 et de mental\u00bb, retient Coco Gauff combl\u00e9e"},"content":{"rendered":"<p>Nerfs d\u2019acier et d\u00e9fense de fer, l\u2019Am\u00e9ricaine (21 ans) a, dans des conditions d\u00e9licates, d\u00e9croch\u00e9 un premier titre \u00e0 Roland-Garros contre Aryna Sabalenka. Un plaisir. Une fiert\u00e9.<\/p>\n<p class=\"fig-paragraph\">Sur une derni\u00e8re faute (la 70e) d\u2019Aryna Sabalenka,\u00a0<a href=\"http:\/\/www.lefigaro.fr\/sports\/tennis\/roland-garros\/roland-garros-premier-sacre-pour-coco-gauff-tombeuse-d-aryna-sabalenka-en-finale-20250607\" target=\"_blank\" data-fig-type=\"NewsFlash\" rel=\"noopener\" data-gtm-custom-categorie=\"navigation\" data-gtm-custom-action=\"crossclick\" data-gtm-custom-label=\"Contextuel\" data-gtm-event=\"customEventSPE\" data-fig-domain=\"LEFIGARO\">Coco Gauff a pu se laisser tomber \u00e0 la renverse.<\/a>\u00a0Victorieuse d\u2019un \u00e9tonnant marathon 6-7 (5\/7), 6-2, 6-4 en 2h38. Un match qui aura souvent tourn\u00e9. Comme le vent, invit\u00e9 encombrant sur le court Philippe-Chatrier. Un match accompagn\u00e9 d\u2019une rare collection de fautes (70 pour la Bi\u00e9lorusse ; 30 pour l\u2019Am\u00e9ricaine). La n\u00b02 mondiale s\u2019inscrivant, au terme d\u2019une rencontre insaisissable mais haletante, comme la premi\u00e8re Am\u00e9ricaine au palmar\u00e8s depuis Serena Williams en 2015. Sous les yeux de Spike Lee et Dustin Hoffman, au comble de l\u2019\u00e9motion, elle a remerci\u00e9 ses parents (\u00abMerci de me permettre de garder les pieds sur terre et de me d\u00e9passer\u00bb) et son staff (\u00abLe tennis est un sport individuel mais je suis entour\u00e9e de gens qui rendent cela formidable\u00bb).<\/p>\n<p class=\"fig-paragraph\">En conf\u00e9rence de presse, casquette sur la t\u00eate, la coupe pos\u00e9e sous son nez, Coco Gauff (2e troph\u00e9e en Grand Chelem apr\u00e8s l\u2019US Open 2023) est revenue sur une quinzaine parfaite et une folle finale. Extraits.<\/p>\n<p class=\"fig-paragraph\"><strong>Les conditions de jeu\u00a0: <\/strong>\u00abJe ne savais pas si le toit allait \u00eatre ouvert ou ferm\u00e9 jusqu\u2019\u00e0 30 ou 40\u2019 avant le match. Apr\u00e8s avoir jou\u00e9 mes deux derniers matchs en int\u00e9rieur, c\u2019\u00e9tait une tout autre exp\u00e9rience. Je savais que \u00e7a n\u2019allait pas \u00eatre facile ni pour l\u2019une ni pour l\u2019autre. C\u2019\u00e9tait tr\u00e8s difficile quand je suis sortie sur le court. J\u2019ai senti le vent parce qu\u2019on s\u2019\u00e9tait \u00e9chauff\u00e9es avec le toit ferm\u00e9. Je me suis dit que cela allait \u00eatre tr\u00e8s difficile et qu\u2019il s\u2019agirait d\u2019une question de volont\u00e9 et de mental. C\u2019\u00e9tait vraiment une question de quelques derniers points. Dans l\u2019ensemble, je suis tr\u00e8s satisfaite de ma lutte d\u2019aujourd\u2019hui, ce n\u2019\u00e9tait pas joli mais efficace (\u2026) Ce n\u2019\u00e9tait pas un jour pour jouer du grand tennis. Je ne connais pas beaucoup de joueurs qui pourraient jouer du grand tennis aujourd\u2019hui, mais \u00e7a fait partie du sport et le fait de jouer en ext\u00e9rieur. On ne sait pas \u00e0 quoi s\u2019attendre, surtout \u00e0 Paris.\u00bb<\/p>\n<p class=\"fig-paragraph\"><strong>Comparaison titre US Open 2023-Roland-Garros 2025\u00a0:<\/strong> \u00abLe premier titre (en Grand Chelem) \u00e9tait plus \u00e9mouvant. Je voulais vraiment le gagner parce que pour moi, c\u2019est l\u2019un des tournois quand j\u2019\u00e9tais plus jeune, o\u00f9 je pensais que j\u2019avais les meilleures chances de gagner. Si j\u2019avais fait ma carri\u00e8re et sans une victoire ici, cela aurait \u00e9t\u00e9 dommage. En jouant contre Aryna, il fallait faire de mon mieux pour terminer le match.\u00bb<\/p>\n<p class=\"fig-paragraph\"><strong>Apr\u00e8s les larmes de 2022 et la finale perdue \u00e0 Paris contre Iga Swiatek\u00a0:<\/strong> \u00abJe me suis rappel\u00e9e de la c\u00e9r\u00e9monie quand Iga a gagn\u00e9, de l\u2019envie d\u2019essayer de tout absorber, de faire attention \u00e0 chaque d\u00e9tail. Je voulais avoir cette exp\u00e9rience pour moi-m\u00eame. Quand on a jou\u00e9 l\u2019hymne, je me rappelle que je l\u2019ai regard\u00e9e, elle \u00e9tait tr\u00e8s \u00e9mue quand ils ont jou\u00e9 l\u2019hymne polonais. Je me suis dit quel moment incroyable. Je me demandais si j\u2019allais y arriver. Avant le match, je pleurais, j\u2019\u00e9tais nerveuse, je n\u2019arrivais plus \u00e0 respirer. Je me suis dit\u00a0: si je n\u2019arrive pas \u00e0 g\u00e9rer \u00e7a, comment le g\u00e9rer \u00e0 nouveau\u00a0? Aujourd\u2019hui, j\u2019\u00e9tais vraiment pr\u00eate. Je me suis dit\u00a0: je vais tout donner, peu importe ce qui se passe, je serai fi\u00e8re du r\u00e9sultat.\u00bb<\/p>\n<p class=\"fig-paragraph\"><strong>Une touche fran\u00e7aise (le Fran\u00e7ais Jean-Christophe Faurel est l\u2019un de ses entra\u00eeneurs)\u00a0: <\/strong>\u00abJ\u2019ai \u00e9tudi\u00e9 le fran\u00e7ais, je me suis dit que j\u2019allais peut-\u00eatre pouvoir faire une partie du discours en fran\u00e7ais, mais je n\u2019ai pas r\u00e9ussi. Si j\u2019ai encore une occasion, j\u2019essaierai de dire quelque chose en fran\u00e7ais, peut-\u00eatre pas tout un discours. J\u2019ai pens\u00e9 que je pouvais \u00e9crire quelque chose avant le match, mais je ne voulais pas me porter la poisse.\u00bb<\/p>\n<p class=\"fig-paragraph\"><strong>\u00abDonner aux gens une raison de sourire\u00bb\u00a0:<\/strong> \u00abIl se passe beaucoup de choses dans notre pays actuellement mais le fait de pouvoir repr\u00e9senter mon pays, de repr\u00e9senter les gens qui me ressemblent aux \u00c9tats-Unis et qui ne se sentent pas soutenus en cette p\u00e9riode, pour juste \u00eatre le reflet de l\u2019espoir et de la lumi\u00e8re pour ces personnes. Je me rappelle apr\u00e8s les \u00e9lections, on \u00e9tait un peu d\u00e9moralis\u00e9s et ma maman a dit\u00a0: \u2018\u2019Essaie de gagner le tournoi pour donner aux gens une raison de sourire\u2019\u2019. C\u2019est \u00e0 cela que je pensais en tenant le troph\u00e9e, en voyant les drapeaux, le public. C\u2019est important.\u00bb<\/p>\n<p class=\"fig-paragraph\"><strong>Et maintenant\u00a0?<\/strong> \u00abJe vais prendre quelques jours de repos. Je suis inscrite pour Berlin pour l\u2019instant, on verra si je joue ou non. Cette partie de la saison est nouvelle, parce que c\u2019est si court et je ne sais pas exactement ce que je vais faire pour l\u2019instant. Je vais en parler avec mon \u00e9quipe, \u00e9couter leur avis pour voir ce qui est mieux, mais je vais me reposer et en profiter et ne pas recommencer \u00e0 m\u2019entra\u00eener trop rapidement. Je me dis que ce type de chose n\u2019arrive pas si souvent et il faut que j\u2019en profite\u2026\u00bb<\/p>\n<p class=\"fig-paragraph\">Propos recueillis en conf\u00e9rence de presse<\/p>\n","protected":false},"excerpt":{"rendered":"Nerfs d\u2019acier et d\u00e9fense de fer, l\u2019Am\u00e9ricaine (21 ans) a, dans des conditions d\u00e9licates, d\u00e9croch\u00e9 un premier titre&hellip;\n","protected":false},"author":2,"featured_media":159290,"comment_status":"","ping_status":"","sticky":false,"template":"","format":"standard","meta":{"footnotes":""},"categories":[1412],"tags":[4169,20863,105,1451,2199,1452,1453,1454,1455,1011,27,24473,1960,24472,4171,60,1467,4170],"class_list":{"0":"post-159289","1":"post","2":"type-post","3":"status-publish","4":"format-standard","5":"has-post-thumbnail","7":"category-f1","8":"tag-atp","9":"tag-coco-gauff","10":"tag-djokovic","11":"tag-f1","12":"tag-federer","13":"tag-formula-1","14":"tag-formula1","15":"tag-formule-1","16":"tag-formule1","17":"tag-fr","18":"tag-france","19":"tag-internationaux-de-france","20":"tag-nadal","21":"tag-rg","22":"tag-roland-garros","23":"tag-sports","24":"tag-tennis","25":"tag-wta"},"share_on_mastodon":{"url":"https:\/\/pubeurope.com\/@fr\/114644047860128818","error":""},"_links":{"self":[{"href":"https:\/\/www.europesays.com\/fr\/wp-json\/wp\/v2\/posts\/159289","targetHints":{"allow":["GET"]}}],"collection":[{"href":"https:\/\/www.europesays.com\/fr\/wp-json\/wp\/v2\/posts"}],"about":[{"href":"https:\/\/www.europesays.com\/fr\/wp-json\/wp\/v2\/types\/post"}],"author":[{"embeddable":true,"href":"https:\/\/www.europesays.com\/fr\/wp-json\/wp\/v2\/users\/2"}],"replies":[{"embeddable":true,"href":"https:\/\/www.europesays.com\/fr\/wp-json\/wp\/v2\/comments?post=159289"}],"version-history":[{"count":0,"href":"https:\/\/www.europesays.com\/fr\/wp-json\/wp\/v2\/posts\/159289\/revisions"}],"wp:featuredmedia":[{"embeddable":true,"href":"https:\/\/www.europesays.com\/fr\/wp-json\/wp\/v2\/media\/159290"}],"wp:attachment":[{"href":"https:\/\/www.europesays.com\/fr\/wp-json\/wp\/v2\/media?parent=159289"}],"wp:term":[{"taxonomy":"category","embeddable":true,"href":"https:\/\/www.europesays.com\/fr\/wp-json\/wp\/v2\/categories?post=159289"},{"taxonomy":"post_tag","embeddable":true,"href":"https:\/\/www.europesays.com\/fr\/wp-json\/wp\/v2\/tags?post=159289"}],"curies":[{"name":"wp","href":"https:\/\/api.w.org\/{rel}","templated":true}]}}