{"id":159297,"date":"2025-06-07T20:51:15","date_gmt":"2025-06-07T20:51:15","guid":{"rendered":"https:\/\/www.europesays.com\/fr\/159297\/"},"modified":"2025-06-07T20:51:15","modified_gmt":"2025-06-07T20:51:15","slug":"video-a-fougeres-ces-artistes-sculptent-en-direct-pendant-dix-jours","status":"publish","type":"post","link":"https:\/\/www.europesays.com\/fr\/159297\/","title":{"rendered":"Vid\u00e9o. A Foug\u00e8res, ces artistes sculptent en direct pendant dix jours"},"content":{"rendered":"<p>            Par<br \/>\n        <strong><br \/>\n            <a href=\"https:\/\/actu.fr\/auteur\/benoit-fouque\" title=\"Consulter tous les articles de Benoit Fouque\" rel=\"nofollow noopener\" target=\"_blank\">Benoit Fouque<\/a><br \/>\n        <\/strong><\/p>\n<p>        Publi\u00e9 le<\/p>\n<p>            7 juin 2025 \u00e0 13h30        <\/p>\n<p>Huit sculpteurs sont install\u00e9s, depuis le <b>5 juin<\/b>, \u00e0 la Chapelle de la Verrerie \u00e0 <a href=\"https:\/\/actu.fr\/bretagne\/fougeres_35115\" rel=\"nofollow noopener\" target=\"_blank\">Foug\u00e8res<\/a> <b>(Ille-et-Vilaine)<\/b> : Esther Seguin, Fred Nobili, Coralie Quincey, Aymeric Louvet, Margot Lasalle, Claudia Capaccioli, Olena Dodatko et Daniela Capaccioli.<\/p>\n<p class=\" wall-content\">Jusqu\u2019au <b>15 juin<\/b>, ils travaillent leurs mati\u00e8res de pr\u00e9dilection (bois, pierre, m\u00e9tal et m\u00eame grillage\u2026) afin de cr\u00e9er des <b>\u0153uvres<\/b> sorties de leur imagination.<\/p>\n<p>En vid\u00e9o\u00a0<\/p>\n<p class=\" wall-content\">Le sculpteur fougerais, Philippe Andr\u00e9, propri\u00e9taire de la chapelle, organise cet \u00e9v\u00e9nement ouvert au<b> public<\/b>, qui peut assister en direct et appr\u00e9cier le savoir-faire de ces artistes.<\/p>\n<p class=\" wall-content\"><b>Samedi 7 et dimanche 8 juin<\/b>, tous les artistes sont pr\u00e9sents en m\u00eame temps.<\/p>\n<p>Rencontres de sculptures \u00e0 la chapelle de la Verrerie, 128 avenue de la Verrerie \u00e0 Foug\u00e8res. Jusqu\u2019au 15 juin, de 10 h \u00e0 18 h. Entr\u00e9e libre.<\/p>\n<p class=\" wall-content\">Suivez toute l\u2019actualit\u00e9 de vos villes et m\u00e9dias favoris en vous inscrivant \u00e0 <a href=\"https:\/\/moncompte.actu.fr\" title=\"D\u00e9couvez Mon Actu\" rel=\"nofollow noopener\" data-trk=\"{&quot;cta&quot;:{&quot;action&quot;:&quot;https:\\\/\\\/moncompte.actu.fr&quot;,&quot;category&quot;:&quot;mon compte&quot;,&quot;from&quot;:&quot;article footer&quot;,&quot;name&quot;:&quot;Mon actu&quot;,&quot;type&quot;:&quot;cta&quot;}}\" target=\"_blank\">Mon Actu<\/a>.<\/p>\n","protected":false},"excerpt":{"rendered":"Par Benoit Fouque Publi\u00e9 le 7 juin 2025 \u00e0 13h30 Huit sculpteurs sont install\u00e9s, depuis le 5 juin,&hellip;\n","protected":false},"author":2,"featured_media":159298,"comment_status":"","ping_status":"","sticky":false,"template":"","format":"standard","meta":{"footnotes":""},"categories":[1358],"tags":[1348,1384,1385,9439,1386,58,59,1011,27,1652],"class_list":{"0":"post-159297","1":"post","2":"type-post","3":"status-publish","4":"format-standard","5":"has-post-thumbnail","7":"category-arts-et-design","8":"tag-arts","9":"tag-arts-and-design","10":"tag-arts-et-design","11":"tag-bretagne-nord","12":"tag-design","13":"tag-divertissement","14":"tag-entertainment","15":"tag-fr","16":"tag-france","17":"tag-loisirs-culture"},"share_on_mastodon":{"url":"https:\/\/pubeurope.com\/@fr\/114644063577576871","error":""},"_links":{"self":[{"href":"https:\/\/www.europesays.com\/fr\/wp-json\/wp\/v2\/posts\/159297","targetHints":{"allow":["GET"]}}],"collection":[{"href":"https:\/\/www.europesays.com\/fr\/wp-json\/wp\/v2\/posts"}],"about":[{"href":"https:\/\/www.europesays.com\/fr\/wp-json\/wp\/v2\/types\/post"}],"author":[{"embeddable":true,"href":"https:\/\/www.europesays.com\/fr\/wp-json\/wp\/v2\/users\/2"}],"replies":[{"embeddable":true,"href":"https:\/\/www.europesays.com\/fr\/wp-json\/wp\/v2\/comments?post=159297"}],"version-history":[{"count":0,"href":"https:\/\/www.europesays.com\/fr\/wp-json\/wp\/v2\/posts\/159297\/revisions"}],"wp:featuredmedia":[{"embeddable":true,"href":"https:\/\/www.europesays.com\/fr\/wp-json\/wp\/v2\/media\/159298"}],"wp:attachment":[{"href":"https:\/\/www.europesays.com\/fr\/wp-json\/wp\/v2\/media?parent=159297"}],"wp:term":[{"taxonomy":"category","embeddable":true,"href":"https:\/\/www.europesays.com\/fr\/wp-json\/wp\/v2\/categories?post=159297"},{"taxonomy":"post_tag","embeddable":true,"href":"https:\/\/www.europesays.com\/fr\/wp-json\/wp\/v2\/tags?post=159297"}],"curies":[{"name":"wp","href":"https:\/\/api.w.org\/{rel}","templated":true}]}}