{"id":159319,"date":"2025-06-07T21:02:11","date_gmt":"2025-06-07T21:02:11","guid":{"rendered":"https:\/\/www.europesays.com\/fr\/159319\/"},"modified":"2025-06-07T21:02:11","modified_gmt":"2025-06-07T21:02:11","slug":"maprimrenov-suspendue-macron-fustige-le-detricotage-de-sa-politique-climatique","status":"publish","type":"post","link":"https:\/\/www.europesays.com\/fr\/159319\/","title":{"rendered":"MaPrimRenov\u2019 suspendue, Macron fustige le d\u00e9tricotage de sa politique climatique"},"content":{"rendered":"<p>        <img decoding=\"async\" loading=\"lazy\" src=\"https:\/\/www.europesays.com\/fr\/wp-content\/uploads\/2025\/06\/9fcfa83_sirius-fs-upload-1-3ixuniileqm1-1749302282350-000-48mw47t.jpg\"  width=\"728\" height=\"409\" alt=\"Le pr\u00e9sident Emmanuel Macron a demand\u00e9 au gouvernement de maintenir le dispositif MaPrimeRenov\u2019.\"\/>  <\/p>\n<p>LUDOVIC MARIN \/ AFP<\/p>\n<p>Le pr\u00e9sident Emmanuel Macron a demand\u00e9 au gouvernement de maintenir le dispositif MaPrimeRenov\u2019.<\/p>\n<p class=\"asset asset-text\">POLITIQUE &#8211; Mise au point.<a href=\"https:\/\/www.huffingtonpost.fr\/politique\/article\/la-visite-d-emmanuel-macron-au-groenland-dit-beaucoup-de-sa-posture-face-a-donald-trump_251062.html\" rel=\"nofollow noopener\" target=\"_blank\"> Emmanuel Macron<\/a> a demand\u00e9 ce samedi 7\u00a0juin au gouvernement de \u00ab\u00a0maintenir\u00a0\u00bb le cap sur l\u2019\u00e9cologie, \u00e9pinglant dans une interview \u00e0 la presse quotidienne r\u00e9gionale les \u00ab\u00a0incertitudes sur les dispositifs mis en place\u00a0\u00bb apr\u00e8s la suspension cette semaine des aides \u00e0 la r\u00e9novation \u00e9nerg\u00e9tique<a href=\"https:\/\/www.huffingtonpost.fr\/france\/article\/le-dispositif-maprimerenov-en-sursis-a-cause-d-un-manque-de-budget_250874.html\" rel=\"nofollow noopener\" target=\"_blank\"> MaPrimeRenov\u2019<\/a>.<\/p>\n<p class=\"asset asset-text\">\u00ab\u00a0J\u2019attends des acteurs et du gouvernement qu\u2019on maintienne cette politique, je ne suis pas content de ce que j\u2019ai pu voir ces derniers jours\u00a0\u00bb, a d\u00e9clar\u00e9 le chef de l\u2019\u00c9tat \u00e0 quelques titres, dont <a href=\"https:\/\/www.ouest-france.fr\/politique\/emmanuel-macron\/transition-ecologique-je-ne-veux-pas-que-le-gouvernement-cede-aux-facilites-dit-emmanuel-macron-b5bec8f8-4312-11f0-aedb-e054fec24790\" target=\"_blank\" rel=\"noopener nofollow\" title=\"Nouvelle fen\u00eatre\">Ouest-France <\/a>et<a href=\"https:\/\/www.leparisien.fr\/politique\/emmanuel-macron-au-parisien-je-nai-pas-de-lecon-decologie-a-recevoir-07-06-2025-M5VBWTXCZNDXBP4C2EEGMHJY3Q.php\" target=\"_blank\" rel=\"noopener nofollow\" title=\"Nouvelle fen\u00eatre\"> Le Parisien-Aujourd\u2019hui en France<\/a>. \u00ab\u00a0Les m\u00eames qui disaient que je ne faisais pas assez pour l\u2019\u00e9cologie sont les m\u00eames aujourd\u2019hui, quand il y a des difficult\u00e9s, \u00e0 d\u00e9tricoter\u00a0\u00bb, a-t-il martel\u00e9.<\/p>\n<p class=\"asset asset-text\">Le gouvernement a annonc\u00e9 cette semaine la fermeture \u00ab\u00a0d\u2019ici le 1er\u00a0juillet\u00a0\u00bb du guichet de d\u00e9p\u00f4t des dossiers de demande d\u2019aide MaPrimeR\u00e9nov\u2019 pour les r\u00e9novations \u00e9nerg\u00e9tiques globales et les travaux d\u2019isolation et de remplacement de chaudi\u00e8re ponctuels.<\/p>\n<p class=\"asset asset-text\">La ministre du Logement, Val\u00e9rie L\u00e9tard, a \u00e9galement indiqu\u00e9 vouloir \u00ab\u00a0changer les r\u00e8gles\u00a0\u00bb du dispositif applicable, \u00e0 l\u2019issue de la suspension qui devrait prendre fin d\u2019ici fin septembre. Cette pause est motiv\u00e9e par \u00ab\u00a0un encombrement (de nouvelles demandes, ndlr) en ce moment et un exc\u00e8s des fraudes\u00a0\u00bb, selon \u00c9ric Lombard, ministre de l\u2019\u00c9conomie, qui \u00e9value \u00e0 \u00ab\u00a016\u00a0000\u00a0\u00bb le nombre de \u00ab\u00a0dossiers suspicieux\u00a0\u00bb, soit \u00ab\u00a012\u00a0% du stock\u00a0\u00bb.<\/p>\n<p>                     Un dispositif \u00ab\u00a0absolument cl\u00e9\u00a0\u00bb    <\/p>\n<p class=\"asset asset-text\">Apr\u00e8s avoir d\u00e9j\u00e0 d\u00e9fendu cette semaine lors d\u2019un d\u00e9placement dans le Nord son bilan en mati\u00e8re \u00e9cologique, Emmanuel Macron a r\u00e9it\u00e9r\u00e9 samedi en se posant en \u00ab\u00a0vigie\u00a0\u00bb, \u00e0 la veille de l\u2019ouverture de la troisi\u00e8me conf\u00e9rence de l\u2019ONU (Unoc 3) sur les oc\u00e9ans \u00e0 Nice.<\/p>\n<p class=\"asset asset-text\">\u00ab\u00a0Je ne veux pas que ni le gouvernement, ni le Parlement ne c\u00e8dent aux facilit\u00e9s du moment\u00a0\u00bb, a-t-il insist\u00e9, vitup\u00e9rant ceux qui \u00ab\u00a0voudraient faire oublier le combat pour le climat\u00a0\u00bb et \u00ab\u00a0pr\u00e9f\u00e8rent, pendant ce temps-l\u00e0, \u201cbrainwasher\u201d (op\u00e9rer un lavage de cerveau, ndlr) sur l\u2019invasion du pays et les derniers faits divers\u00a0\u00bb.<\/p>\n<p class=\"asset asset-text\">Emmanuel Macron a \u00e9galement appel\u00e9 le gouvernement \u00e0 \u00ab\u00a0continuer le combat sur la consigne\u00a0\u00bb du plastique, mis entre parenth\u00e8ses en 2023 apr\u00e8s plusieurs ann\u00e9es d\u2019h\u00e9sitations sur son application et face \u00e0 l\u2019hostilit\u00e9 des collectivit\u00e9s. Mais ce dispositif est \u00ab\u00a0absolument cl\u00e9\u00a0\u00bb, a fait valoir le chef de l\u2019\u00c9tat.<\/p>\n<p class=\"asset asset-text\">La p\u00e9riode est noire pour les d\u00e9fenseurs de l\u2019\u00e9cologie en France. Reprise du chantier de l\u2019A69, fin des zones \u00e0 faibles \u00e9missions (ZFE), qui restreignent la circulation des v\u00e9hicules tr\u00e8s polluants, retour envisag\u00e9 \u00e0 l\u2019usage de pesticides dangereux, r\u00e9vision significative du \u00ab\u00a0z\u00e9ro artificialisation nette\u00a0\u00bb (ZAN)\u2026 Le Parlement a ent\u00e9rin\u00e9 ou encourag\u00e9 le d\u00e9tricotage de toute une part du bilan environnemental du premier quinquennat d\u2019Emmanuel Macron.<\/p>\n","protected":false},"excerpt":{"rendered":"LUDOVIC MARIN \/ AFP Le pr\u00e9sident Emmanuel Macron a demand\u00e9 au gouvernement de maintenir le dispositif MaPrimeRenov\u2019. POLITIQUE&hellip;\n","protected":false},"author":2,"featured_media":158775,"comment_status":"","ping_status":"","sticky":false,"template":"","format":"standard","meta":{"footnotes":""},"categories":[4],"tags":[11,1073,1011,27,12,316,25],"class_list":{"0":"post-159319","1":"post","2":"type-post","3":"status-publish","4":"format-standard","5":"has-post-thumbnail","7":"category-france","8":"tag-actualites","9":"tag-emmanuel-macron","10":"tag-fr","11":"tag-france","12":"tag-news","13":"tag-politique","14":"tag-republique-francaise"},"share_on_mastodon":{"url":"https:\/\/pubeurope.com\/@fr\/114644107095781492","error":""},"_links":{"self":[{"href":"https:\/\/www.europesays.com\/fr\/wp-json\/wp\/v2\/posts\/159319","targetHints":{"allow":["GET"]}}],"collection":[{"href":"https:\/\/www.europesays.com\/fr\/wp-json\/wp\/v2\/posts"}],"about":[{"href":"https:\/\/www.europesays.com\/fr\/wp-json\/wp\/v2\/types\/post"}],"author":[{"embeddable":true,"href":"https:\/\/www.europesays.com\/fr\/wp-json\/wp\/v2\/users\/2"}],"replies":[{"embeddable":true,"href":"https:\/\/www.europesays.com\/fr\/wp-json\/wp\/v2\/comments?post=159319"}],"version-history":[{"count":0,"href":"https:\/\/www.europesays.com\/fr\/wp-json\/wp\/v2\/posts\/159319\/revisions"}],"wp:featuredmedia":[{"embeddable":true,"href":"https:\/\/www.europesays.com\/fr\/wp-json\/wp\/v2\/media\/158775"}],"wp:attachment":[{"href":"https:\/\/www.europesays.com\/fr\/wp-json\/wp\/v2\/media?parent=159319"}],"wp:term":[{"taxonomy":"category","embeddable":true,"href":"https:\/\/www.europesays.com\/fr\/wp-json\/wp\/v2\/categories?post=159319"},{"taxonomy":"post_tag","embeddable":true,"href":"https:\/\/www.europesays.com\/fr\/wp-json\/wp\/v2\/tags?post=159319"}],"curies":[{"name":"wp","href":"https:\/\/api.w.org\/{rel}","templated":true}]}}