{"id":159320,"date":"2025-06-07T21:03:09","date_gmt":"2025-06-07T21:03:09","guid":{"rendered":"https:\/\/www.europesays.com\/fr\/159320\/"},"modified":"2025-06-07T21:03:09","modified_gmt":"2025-06-07T21:03:09","slug":"jespere-ne-pas-croiser-le-meurtrier-ou-ses-complices-la-colere-du-pere-de-benoit-tue-a-dax-apres-le-sacre-du-psg","status":"publish","type":"post","link":"https:\/\/www.europesays.com\/fr\/159320\/","title":{"rendered":"\u00ab J\u2019esp\u00e8re ne pas croiser le meurtrier ou ses complices \u00bb : la col\u00e8re du p\u00e8re de Beno\u00eet, tu\u00e9 \u00e0 Dax apr\u00e8s le sacre du PSG"},"content":{"rendered":"<p class=\"paragraph text_align_left\">\u00ab Je ne vous cache pas que j\u2019ai la rage. \u00bb Une semaine apr\u00e8s la mort tragique de Beno\u00eet, tu\u00e9 apr\u00e8s avoir re\u00e7u plusieurs <a href=\"https:\/\/www.leparisien.fr\/faits-divers\/a-dax-un-garcon-de-17-ans-meurt-poignarde-en-marge-des-celebrations-de-la-ligue-des-champions-01-06-2025-O5665KYKDFGJLNLLY3M55RI5TQ.php\" target=\"_blank\" rel=\"noreferrer nofollow noopener\">coups de couteaux \u00e0 Dax<\/a> (Landes) le soir du sacre du <a href=\"https:\/\/www.leparisien.fr\/sports\/football\/ligue-des-champions\/quiz-quinze-questions-sur-le-parcours-du-psg-en-ligue-des-champions-04-06-2025-ZDUV4HPWWZHVLD4SVNP4M4UL74.php\" target=\"_blank\" rel=\"noreferrer nofollow noopener\">PSG en Ligue des champions<\/a>, le p\u00e8re de l\u2019adolescent de 17 ans s\u2019est exprim\u00e9 vendredi lors d\u2019un hommage public rendu \u00e0 son fils.<\/p>\n<p class=\"paragraph text_align_left\">\u00ab Benoit devait avoir 18 ans aujourd\u2019hui \u00bb, a d\u2019abord rappel\u00e9 son p\u00e8re devant des dizaines de personnes venues se rassembler rue Saint-Ursule. \u00ab C\u2019\u00e9tait un gar\u00e7on respectueux, aim\u00e9 par tous ceux qu\u2019il a crois\u00e9s, en sport, en musique, en scolarit\u00e9, au travail. Il ne m\u00e9ritait pas \u00e7a. \u00bb<\/p>\n<p>Le suspect toujours recherch\u00e9<\/p>\n<p class=\"paragraph text_align_left\">Apr\u00e8s l\u2019\u00e9motion, c\u2019est la col\u00e8re qui a gagn\u00e9 le p\u00e8re de Benoit, s\u2019en prenant ouvertement \u00e0 son meurtrier. \u00ab J\u2019ai envie de le tuer de mes propres mains ce type, je vous le dis franchement \u00bb, lance-t-il. \u00ab Le tuer et l\u2019enterrer dans un champ comme un animal sauvage. Il ne vaut rien ce type-l\u00e0, c\u2019est un l\u00e2che. Comme je le disais \u00e0 Beno\u00eet, quand on se bat pour un diff\u00e9rend, on le fait \u00e0 mains nues, comme un homme. C\u2019est \u00e7a les hommes courageux et Beno\u00eet \u00e9tait courageux. \u00bb<\/p>\n<blockquote class=\"twitter-tweet\">\n<p lang=\"fr\" dir=\"ltr\">\ud83d\udd34\u00a0 \u00ab\u00a0J&rsquo;ai la haine\u00a0\u00bb<\/p>\n<p>\u00c0 Dax, le discours poignant du p\u00e8re de Beno\u00eet, mortellement poignard\u00e9 par \u00ab\u00a0un r\u00e9fugi\u00e9\u00a0\u00bb, samedi dernier. Un hommage lui est rendu. Beno\u00eet devait f\u00eater ses 18 ans, ce vendredi.<a href=\"https:\/\/twitter.com\/Valeurs?ref_src=twsrc%5Etfw\" rel=\"nofollow noopener\" target=\"_blank\">@Valeurs<\/a> <a href=\"https:\/\/t.co\/ORhGnQ9l3w\" rel=\"nofollow\">pic.twitter.com\/ORhGnQ9l3w<\/a><\/p>\n<p>\u2014 Nicolas Boutin (@NicolasBoutin11) <a href=\"https:\/\/twitter.com\/NicolasBoutin11\/status\/1930947698594599265?ref_src=twsrc%5Etfw\" rel=\"nofollow noopener\" target=\"_blank\">June 6, 2025<\/a><\/p><\/blockquote>\n<p class=\"paragraph text_align_left\"><a href=\"https:\/\/www.leparisien.fr\/faits-divers\/notice-rouge-dinterpol-suspect-mineur-ce-que-lon-sait-du-meurtre-dun-ado-a-dax-samedi-dernier-07-06-2025-F3E7KFMC4VCNTP2OVS7PV6KXFY.php\" target=\"_blank\" rel=\"noreferrer nofollow noopener\">Le meurtrier pr\u00e9sum\u00e9 est un mineur fran\u00e7ais de 16 ans<\/a>. En fuite, il fait l\u2019objet d\u2019une notice rouge d\u2019Interpol, a appris l\u2019AFP vendredi, faisant de lui le seul mineur au monde r\u00e9f\u00e9renc\u00e9 par ces notices qui indiquent le caract\u00e8re \u00ab dangereux \u00bb de la personne en fuite. <\/p>\n<p>Plusieurs coups de couteau<\/p>\n<p class=\"paragraph text_align_left\">La victime, tu\u00e9e de \u00ab multiples coups de couteau \u00bb dans le thorax samedi soir, en marge des c\u00e9l\u00e9brations du sacre europ\u00e9en du club de football Paris SG, avait un \u00ab contentieux pr\u00e9existant \u00bb avec l\u2019auteur pr\u00e9sum\u00e9, lui reprochant notamment le vol de sa casquette plusieurs jours auparavant, selon le procureur de Dax, Beno\u00eet Fontaine.<\/p>\n<p class=\"paragraph text_align_left\">Mardi, le magistrat avait ainsi expliqu\u00e9 poursuivre l\u2019enqu\u00eate sous la qualification d\u2019assassinat, \u00ab l\u2019ant\u00e9riorit\u00e9 d\u2019un conflit entre l\u2019auteur et la victime pouvant laisser penser \u00e0 un geste pr\u00e9m\u00e9dit\u00e9 \u00bb.<\/p>\n<p class=\"lp-card-podcast-highlighting__title  lp-f-subtitle-05\">Roberto Succo : sept meurtres, trois pays, une chasse \u00e0 l\u2019homme (1\/2)<\/p>\n<p class=\"lp-card-podcast-highlighting__description lp-f-ui-05\">Crime story raconte chaque semaine les grandes affaires criminelles.<\/p>\n<p><a class=\"lp-card-podcast-highlighting__call-to-action\" data-page-type=\"HP\" data-block-name=\"podcast-highlight\">\u00c9couter<\/a><\/p>\n<p class=\"paragraph text_align_left\">Les faits se sont produits samedi vers 23 heures \u00e0 proximit\u00e9 de la place de la Fontaine-Chaude, dans le centre de Dax, o\u00f9 se trouvaient plusieurs centaines de personnes venues suivre la finale de la Ligue des champions PSG-Inter Milan diffus\u00e9e par plusieurs bars, sans fan zone officielle.<\/p>\n<p class=\"paragraph text_align_left\">L\u2019adolescent a \u00e9t\u00e9 poignard\u00e9 dans \u00ab une rue adjacente de la place \u00bb, peu fr\u00e9quent\u00e9e, selon le parquet, avant de succomber \u00e0 ses blessures \u00e0 l\u2019h\u00f4pital vers 01 heure 15 dimanche.<\/p>\n<p><script async src=\"https:\/\/platform.twitter.com\/widgets.js\" charset=\"utf-8\"><\/script><\/p>\n","protected":false},"excerpt":{"rendered":"\u00ab Je ne vous cache pas que j\u2019ai la rage. \u00bb Une semaine apr\u00e8s la mort tragique de&hellip;\n","protected":false},"author":2,"featured_media":159321,"comment_status":"","ping_status":"","sticky":false,"template":"","format":"standard","meta":{"footnotes":""},"categories":[2],"tags":[11,459,118,1011,27,12],"class_list":{"0":"post-159320","1":"post","2":"type-post","3":"status-publish","4":"format-standard","5":"has-post-thumbnail","7":"category-actualites","8":"tag-actualites","9":"tag-departements-horsidfo","10":"tag-faits-divers","11":"tag-fr","12":"tag-france","13":"tag-news"},"share_on_mastodon":{"url":"https:\/\/pubeurope.com\/@fr\/114644110789540780","error":""},"_links":{"self":[{"href":"https:\/\/www.europesays.com\/fr\/wp-json\/wp\/v2\/posts\/159320","targetHints":{"allow":["GET"]}}],"collection":[{"href":"https:\/\/www.europesays.com\/fr\/wp-json\/wp\/v2\/posts"}],"about":[{"href":"https:\/\/www.europesays.com\/fr\/wp-json\/wp\/v2\/types\/post"}],"author":[{"embeddable":true,"href":"https:\/\/www.europesays.com\/fr\/wp-json\/wp\/v2\/users\/2"}],"replies":[{"embeddable":true,"href":"https:\/\/www.europesays.com\/fr\/wp-json\/wp\/v2\/comments?post=159320"}],"version-history":[{"count":0,"href":"https:\/\/www.europesays.com\/fr\/wp-json\/wp\/v2\/posts\/159320\/revisions"}],"wp:featuredmedia":[{"embeddable":true,"href":"https:\/\/www.europesays.com\/fr\/wp-json\/wp\/v2\/media\/159321"}],"wp:attachment":[{"href":"https:\/\/www.europesays.com\/fr\/wp-json\/wp\/v2\/media?parent=159320"}],"wp:term":[{"taxonomy":"category","embeddable":true,"href":"https:\/\/www.europesays.com\/fr\/wp-json\/wp\/v2\/categories?post=159320"},{"taxonomy":"post_tag","embeddable":true,"href":"https:\/\/www.europesays.com\/fr\/wp-json\/wp\/v2\/tags?post=159320"}],"curies":[{"name":"wp","href":"https:\/\/api.w.org\/{rel}","templated":true}]}}