{"id":159322,"date":"2025-06-07T21:04:27","date_gmt":"2025-06-07T21:04:27","guid":{"rendered":"https:\/\/www.europesays.com\/fr\/159322\/"},"modified":"2025-06-07T21:04:27","modified_gmt":"2025-06-07T21:04:27","slug":"une-ferme-lourdement-touchee-a-roche-la-moliere","status":"publish","type":"post","link":"https:\/\/www.europesays.com\/fr\/159322\/","title":{"rendered":"une ferme lourdement touch\u00e9e \u00e0 Roche-la-Moli\u00e8re"},"content":{"rendered":"<p>Ce vendredi 6\u00a0juin, vers 20\u00a0h\u00a030, <a href=\"https:\/\/www.leprogres.fr\/faits-divers-justice\/2025\/06\/06\/orage-dans-le-sud-du-departement-les-pompiers-sollicites-quatorze-fois-en-une-demi-heure\" target=\"_blank\" rel=\"noopener\">un violent orage s\u2019est abattu<\/a> sur la commune de Roche-la-Moli\u00e8re, occasionnant de gros d\u00e9g\u00e2ts dans plusieurs quartiers, notamment sur celui du plateau du Bessy.<\/p>\n<p>\u00ab\u00a0Le vent a \u00e9t\u00e9 d\u2019une extr\u00eame violence, accompagn\u00e9 de gr\u00eale. Cela a caus\u00e9 d\u2019importants d\u00e9g\u00e2ts sur la toiture de ma grange\u00a0: voliges emport\u00e9es et tuiles cass\u00e9es\u00a0\u00bb, explique Nicolas Bonny, qui exploite une ferme sur le plateau du Bessy.<\/p>\n<p>  \u00ab\u00a0Les animaux divaguaient autour de la ferme\u00a0\u00bb<\/p>\n<p>\u00ab\u00a0Plusieurs arbres ont \u00e9t\u00e9 cass\u00e9s par le vent et ont endommag\u00e9 mes cl\u00f4tures, les animaux divaguaient autour de la ferme, explique l\u2019agriculteur. Sur mes terrains, les cultures n\u2019ont pas \u00e9t\u00e9 trop endommag\u00e9es, par contre chez mes voisins certaines cultures sont d\u00e9truites \u00e0 100\u00a0%. L\u2019entreprise de ma\u00e7onnerie qui entretient mes b\u00e2timents est d\u00e9j\u00e0 venue s\u00e9curiser la partie de toiture endommag\u00e9e o\u00f9 le fourrage est entrepos\u00e9.\u00a0\u00bb<\/p>\n<p>Nicolas Bonny, qui \u00e9l\u00e8ve des veaux de lait, des vaches laiti\u00e8res et allaitantes, reste positif malgr\u00e9 cet \u00e9v\u00e9nement climatique\u00a0: \u00ab Ce n\u2019est que du d\u00e9g\u00e2t mat\u00e9riel, heureusement\u00a0\u00bb.<\/p>\n<p>L\u2019orage de gr\u00eale qui s\u2019est abattu sur le sud de la Loire vendredi a n\u00e9cessit\u00e9 l\u2019intervention d\u2019une vingtaine de sapeurs-pompiers entre 20\u00a0h\u00a030 et 21 heures.<\/p>\n","protected":false},"excerpt":{"rendered":"Ce vendredi 6\u00a0juin, vers 20\u00a0h\u00a030, un violent orage s\u2019est abattu sur la commune de Roche-la-Moli\u00e8re, occasionnant de gros&hellip;\n","protected":false},"author":2,"featured_media":159323,"comment_status":"","ping_status":"","sticky":false,"template":"","format":"standard","meta":{"footnotes":""},"categories":[9653],"tags":[1111,11,2430,9323,7539,436,1777,674,1011,27,12,25,12490,12491,4001],"class_list":{"0":"post-159322","1":"post","2":"type-post","3":"status-publish","4":"format-standard","5":"has-post-thumbnail","7":"category-saint-etienne","8":"tag-actu","9":"tag-actualites","10":"tag-auvergne-rhone-alpes","11":"tag-catastrophes","12":"tag-edition-loire-sud","13":"tag-environnement","14":"tag-eu","15":"tag-europe","16":"tag-fr","17":"tag-france","18":"tag-news","19":"tag-republique-francaise","20":"tag-roche-la-moliere","21":"tag-roche-la-moliere-bassin","22":"tag-saint-etienne"},"share_on_mastodon":{"url":"https:\/\/pubeurope.com\/@fr\/114644114891524562","error":""},"_links":{"self":[{"href":"https:\/\/www.europesays.com\/fr\/wp-json\/wp\/v2\/posts\/159322","targetHints":{"allow":["GET"]}}],"collection":[{"href":"https:\/\/www.europesays.com\/fr\/wp-json\/wp\/v2\/posts"}],"about":[{"href":"https:\/\/www.europesays.com\/fr\/wp-json\/wp\/v2\/types\/post"}],"author":[{"embeddable":true,"href":"https:\/\/www.europesays.com\/fr\/wp-json\/wp\/v2\/users\/2"}],"replies":[{"embeddable":true,"href":"https:\/\/www.europesays.com\/fr\/wp-json\/wp\/v2\/comments?post=159322"}],"version-history":[{"count":0,"href":"https:\/\/www.europesays.com\/fr\/wp-json\/wp\/v2\/posts\/159322\/revisions"}],"wp:featuredmedia":[{"embeddable":true,"href":"https:\/\/www.europesays.com\/fr\/wp-json\/wp\/v2\/media\/159323"}],"wp:attachment":[{"href":"https:\/\/www.europesays.com\/fr\/wp-json\/wp\/v2\/media?parent=159322"}],"wp:term":[{"taxonomy":"category","embeddable":true,"href":"https:\/\/www.europesays.com\/fr\/wp-json\/wp\/v2\/categories?post=159322"},{"taxonomy":"post_tag","embeddable":true,"href":"https:\/\/www.europesays.com\/fr\/wp-json\/wp\/v2\/tags?post=159322"}],"curies":[{"name":"wp","href":"https:\/\/api.w.org\/{rel}","templated":true}]}}