{"id":159326,"date":"2025-06-07T21:06:12","date_gmt":"2025-06-07T21:06:12","guid":{"rendered":"https:\/\/www.europesays.com\/fr\/159326\/"},"modified":"2025-06-07T21:06:12","modified_gmt":"2025-06-07T21:06:12","slug":"le-savez-vous-du-jour-savez-vous-quel-nanceien-a-recu-le-prix-nobel-de-medecine","status":"publish","type":"post","link":"https:\/\/www.europesays.com\/fr\/159326\/","title":{"rendered":"Le \u00ab\u00a0savez-vous\u00a0\u00bb du jour. Savez-vous quel Nanc\u00e9ien a re\u00e7u le prix Nobel de m\u00e9decine\u00a0?"},"content":{"rendered":"<p>Il faut remonter \u00e0 1965 pour retrouver l\u2019un des tournants majeurs de la biologie contemporaine.<\/p>\n<p><a href=\"https:\/\/www.estrepublicain.fr\/societe\/2021\/07\/22\/le-nanceien-inventeur\" target=\"_blank\" rel=\"noopener\">Cette ann\u00e9e-l\u00e0, Fran\u00e7ois Jacob,<\/a> Jacques Monod et Andr\u00e9 Lwoff re\u00e7oivent le prix Nobel de m\u00e9decine \u00ab\u00a0pour la d\u00e9couverte de la r\u00e9gulation g\u00e9n\u00e9tique de la synth\u00e8se des enzymes et des virus\u00a0\u00bb.\u00a0C\u2019est l\u2019apparition de ce qu\u2019ils appelleront l\u2019ARN messager.<\/p>\n<p>N\u00e9 le 17\u00a0juin 1920 \u00e0 Nancy, Fran\u00e7ois Jacob entame des \u00e9tudes de m\u00e9decine \u00e0 Paris avec l\u2019ambition de devenir chirurgien.<\/p>\n<p>En juin\u00a01940, la guerre interrompt ce parcours. Il rejoint alors Londres <a href=\"https:\/\/www.estrepublicain.fr\/societe\/2021\/01\/07\/les-compagnons-de-la-liberation\" target=\"_blank\" rel=\"noopener\">pour int\u00e9grer les Forces fran\u00e7aises libres.<\/a><\/p>\n<p>Bless\u00e9 au combat, il abandonne la chirurgie et ach\u00e8ve ses \u00e9tudes de m\u00e9decine avant de se tourner vers la recherche.<\/p>\n<p>  Recherches sur l\u2019ADN<\/p>\n<p>En 1950, il int\u00e8gre l\u2019Institut Pasteur dans le laboratoire dirig\u00e9 par Andr\u00e9 Lwoff. C\u2019est la grande p\u00e9riode des recherches sur l\u2019ADN.<\/p>\n<p>Les travaux men\u00e9s dans ce cadre, en collaboration avec Jacques Monod, aboutissent \u00e0 la compr\u00e9hension du m\u00e9canisme de r\u00e9gulation des g\u00e8nes. Les chercheurs d\u00e9montrent que l\u2019expression des g\u00e8nes est finement contr\u00f4l\u00e9e selon les besoins de l\u2019organisme.<\/p>\n<p>  Un des fondements de la biologie mol\u00e9culaire moderne<\/p>\n<p>Comme l\u2019explique le site de l\u2019Institut Pasteur\u00a0: \u00ab\u00a0Les trois chercheurs [\u2026] ont ainsi d\u00e9couvert que nos g\u00e8nes ne sont pas exprim\u00e9s de mani\u00e8re constante au fil du temps, mais qu\u2019ils sont r\u00e9gul\u00e9s \u2013 c\u2019est-\u00e0-dire activ\u00e9s ou r\u00e9prim\u00e9s \u2013 tr\u00e8s finement, pour r\u00e9pondre aux besoins de notre organisme.\u00a0\u00bb Ces avanc\u00e9es permettent d\u2019expliquer, par exemple, pourquoi les enzymes digestives ne sont produites qu\u2019apr\u00e8s les repas ou pourquoi le syst\u00e8me immunitaire ne s\u2019active qu\u2019en cas de menace.<\/p>\n<p>Ces travaux ont pos\u00e9 les fondations de la biologie mol\u00e9culaire moderne.<\/p>\n<p><a href=\"https:\/\/www.estrepublicain.fr\/actualite\/2013\/04\/23\/disparition-de-francois-jacob\" target=\"_blank\" rel=\"noopener\">Il d\u00e9c\u00e8de le 20\u00a0avril 2013,<\/a> \u00e0 Paris.<\/p>\n<p>\u00c0 Nancy, la passerelle enjambant les voies ferr\u00e9es entre la rue Isabey et le quai Claude-Le-Lorrain porte son nom.<\/p>\n","protected":false},"excerpt":{"rendered":"Il faut remonter \u00e0 1965 pour retrouver l\u2019un des tournants majeurs de la biologie contemporaine. Cette ann\u00e9e-l\u00e0, Fran\u00e7ois&hellip;\n","protected":false},"author":2,"featured_media":159327,"comment_status":"","ping_status":"","sticky":false,"template":"","format":"standard","meta":{"footnotes":""},"categories":[9635],"tags":[1111,11,1704,1777,674,1011,27,775,937,1702,1703,12,25,767,104],"class_list":{"0":"post-159326","1":"post","2":"type-post","3":"status-publish","4":"format-standard","5":"has-post-thumbnail","7":"category-nancy","8":"tag-actu","9":"tag-actualites","10":"tag-edition-nancy-et-agglomeration","11":"tag-eu","12":"tag-europe","13":"tag-fr","14":"tag-france","15":"tag-grand-est","16":"tag-histoire","17":"tag-nancy","18":"tag-nancy-ville-54b","19":"tag-news","20":"tag-republique-francaise","21":"tag-science-et-technologie","22":"tag-societe"},"share_on_mastodon":{"url":"https:\/\/pubeurope.com\/@fr\/114644122840837630","error":""},"_links":{"self":[{"href":"https:\/\/www.europesays.com\/fr\/wp-json\/wp\/v2\/posts\/159326","targetHints":{"allow":["GET"]}}],"collection":[{"href":"https:\/\/www.europesays.com\/fr\/wp-json\/wp\/v2\/posts"}],"about":[{"href":"https:\/\/www.europesays.com\/fr\/wp-json\/wp\/v2\/types\/post"}],"author":[{"embeddable":true,"href":"https:\/\/www.europesays.com\/fr\/wp-json\/wp\/v2\/users\/2"}],"replies":[{"embeddable":true,"href":"https:\/\/www.europesays.com\/fr\/wp-json\/wp\/v2\/comments?post=159326"}],"version-history":[{"count":0,"href":"https:\/\/www.europesays.com\/fr\/wp-json\/wp\/v2\/posts\/159326\/revisions"}],"wp:featuredmedia":[{"embeddable":true,"href":"https:\/\/www.europesays.com\/fr\/wp-json\/wp\/v2\/media\/159327"}],"wp:attachment":[{"href":"https:\/\/www.europesays.com\/fr\/wp-json\/wp\/v2\/media?parent=159326"}],"wp:term":[{"taxonomy":"category","embeddable":true,"href":"https:\/\/www.europesays.com\/fr\/wp-json\/wp\/v2\/categories?post=159326"},{"taxonomy":"post_tag","embeddable":true,"href":"https:\/\/www.europesays.com\/fr\/wp-json\/wp\/v2\/tags?post=159326"}],"curies":[{"name":"wp","href":"https:\/\/api.w.org\/{rel}","templated":true}]}}