{"id":159350,"date":"2025-06-07T21:21:11","date_gmt":"2025-06-07T21:21:11","guid":{"rendered":"https:\/\/www.europesays.com\/fr\/159350\/"},"modified":"2025-06-07T21:21:11","modified_gmt":"2025-06-07T21:21:11","slug":"une-marche-bleue-reunit-pres-de-1-000-manifestants-a-nice-a-lavant-veille-du-sommet-onusien-de-locean","status":"publish","type":"post","link":"https:\/\/www.europesays.com\/fr\/159350\/","title":{"rendered":"Une marche bleue r\u00e9unit pr\u00e8s de 1.000 manifestants \u00e0 Nice, \u00e0 l\u2019avant-veille du sommet onusien de l\u2019Oc\u00e9an"},"content":{"rendered":"<p>\u00ab\u00a0Les voix citoyennes ont si peu d\u2019espace pour s\u2019exprimer lors du sommet. Dans ce grand bain diplomatique \u00e0 huis clos, cette manifestation, c\u2019est notre moment\u00a0\u00bb, scande Marcello, venu de Lisbonne. Rod\u00e9 par l\u2019Unoc-2, en 2022, le militant portugais a embo\u00eet\u00e9 le pas aux quelque 950 participants de la marche bleue.<\/p>\n<p>Samedi 7 juin 2025, entre 17 et 19h, au cri de \u00ab\u00a0Prot\u00e9geons l\u2019oc\u00e9an, prot\u00e9geons la vie\u00a0\u00bb, le cort\u00e8ge a reli\u00e9 Lenval \u00e0 la plage du Centenaire, sous l\u2019\u00e9gide d\u2019un collectif d\u2019organisations non gouvernementales [Seas At Risk, Oceana, Surfrider Europe, Birdlife, ClientEarth et WWF, soutenu par plus de 140 organisations]\u00a0ayant sign\u00e9 le \u00ab\u00a0Manifeste Bleu, une feuille de route vers un oc\u00e9an en bonne sant\u00e9 d\u2019ici 2030\u00a0\u00bb.<\/p>\n<p>Ambiance festive et militante<\/p>\n<p>Apr\u00e8s avoir march\u00e9 au rythme du joyeux charivari d\u2019une batucada nissarde, la foule s\u2019est laiss\u00e9e chavirer par le chahut des Seabed Slayers. Hurlant \u00ab\u00a0if ocean dies, we will die\u00a0\u00bb (si l\u2019oc\u00e9an meurt, nous mourrons), le groupe n\u00e9erlandais de heavy metal a parfaitement illustr\u00e9 l\u2019ambiance de la manifestation: \u00e0 la fois bon enfant et rageuse, festive et engag\u00e9e, sans heurts mais pas sans heurter.<\/p>\n<p>              <img ci-src=\"https:\/\/www.nicematin.com\/environnement\/protec\/DATA_ART_15676211-50lCBDss.jpg?vh=81ef0d&amp;ci_seal=e1edc052aa\" alt=\"\"\/><br \/>\n        \u00ab\u00a0Seabed Slayers\u00a0\u00bb, groupe d\u2019heavy metal, lors de la marche bleue, sur la Promenade des Anglais, en marge de l\u2019UNOC, \u00e0 Nice, le 7 juin 2025. Photo S\u00e9bastien Botella <strong>S\u00e9bastien Botella \/ Nice Matin.<\/strong> <\/p>\n<p>Aux l\u00e9gers pas de danse se sont ainsi succ\u00e9d\u00e9 les discours graves et alarmants. L\u2019Hawa\u00efen Uncle Sol a plaid\u00e9 pour la pr\u00e9servation des fonds marins du Pacifique, rendus vuln\u00e9rables par la \u00ab\u00a0pr\u00e9dation des soci\u00e9t\u00e9s mini\u00e8res, pr\u00eates \u00e0 ravager de mani\u00e8re irr\u00e9versible des \u00e9cosyst\u00e8mes prot\u00e9g\u00e9s\u00a0\u00bb.<\/p>\n<p>Peu avant, c\u2019\u00e9tait Louise Guillaumat, de SOS M\u00e9diterran\u00e9e, qui montait au cr\u00e9neau: \u00ab\u00a0Avec la mont\u00e9e des eaux, l\u2019immigration va s\u2019amplifier dans les ann\u00e9es \u00e0 venir. Priv\u00e9s de terres, des millions de personnes vont devoir s\u2019exiler.\u00a0\u00bb <\/p>\n<p>La multitude militante n\u2019\u00e9tait pas en reste avec ses slogans choc: \u00ab\u00a0Aires marines prot\u00e9g\u00e9es mais pill\u00e9es\u00a0\u00bb, \u00ab\u00a070% des poissons que nous mangeons contiennent du plastique\u00a0\u00bb, \u00ab\u00a0la vie de nos enfants vaut infiniment plus que vos profits.\u00a0\u00bb <\/p>\n<p>Mention sp\u00e9ciale aux Britanniques d\u2019Ocean Rebellion, branche maritime d\u2019Extinction R\u00e9bellion, qui ont d\u00e9roul\u00e9 une impression s\u00e9rigraphique de 150m\u00e8tres. Soit l\u2019\u00e9quivalent, en largeur, de la taille des grands chaluts de fond. \u00ab\u00a0En ratissant les fonds marins, ces navires usines attrapent indistinctement toutes les esp\u00e8ces, m\u00eame prot\u00e9g\u00e9es\u00a0\u00bb, alerte Suzanne, venue de Londres.<\/p>\n<p>Des Ni\u00e7ois qui ne se sentent \u00ab\u00a0plus seuls\u00a0\u00bb<\/p>\n<p>La pr\u00e9sence massive de manifestants \u00e9trangers a donn\u00e9 du baume au c\u0153ur aux militants ni\u00e7ois. \u00ab\u00a0\u00c7a parle espagnol, fran\u00e7ais, anglais, allemand, il y a des m\u00e9dias, des d\u00e9l\u00e9gations du monde entier\u00a0\u00bb, s\u2019\u00e9merveille Jade, \u00ab\u00a0plut\u00f4t habitu\u00e9e aux modestes manifestations locales\u00a0\u00bb r\u00e9unissant rarement plus d\u2019une centaine de personnes.<\/p>\n<p>\u00ab\u00a0C\u2019est rassurant de voir qu\u2019on n\u2019est pas seuls \u00e0 se mobiliser. Que d\u2019autres, aussi, ont pris conscience du danger\u00a0\u00bb, glisse Sylvie, sourire doux-amer. \u00ab\u00a0Sur la C\u00f4te d\u2019Azur plus particuli\u00e8rement, il y a une \u00e9norme passivit\u00e9 de la population.\u00a0\u00bb<\/p>\n<p>              <img ci-src=\"https:\/\/www.nicematin.com\/environnement\/protec\/DATA_ART_15676214-v6fAUdKI.jpg?vh=c35096&amp;ci_seal=d5d4e5bf34\" alt=\"\"\/><br \/>\n        La banni\u00e8re d\u2019Ocean R\u00e9bellion, d\u00e9non\u00e7ant le chalutage de fond, lors de la marche bleue, sur la Promenade des Anglais, en marge de l\u2019UNOC, \u00e0 Nice, le 7 juin 2025 <\/p>\n<p>Regard mi-amus\u00e9 mi-d\u00e9sabus\u00e9 sur les cohortes de plagistes profitant de la M\u00e9diterran\u00e9e \u00e0 22\u00b0C. Interrompus dans leur bain de soleil par le boucan des slogans, quelques-uns dressent la t\u00eate et leurs smartphones. \u00ab\u00a0Pour nombre de touristes, notre territoire est une carte postale\u00a0\u00bb, estime Ga\u00ebtan, jeune varois \u00ab\u00a0qui pr\u00e9f\u00e8re malgr\u00e9 tout positiver\u00a0\u00bb: \u00ab\u00a0La venue d\u2019autant de nationalit\u00e9s nous permet de rappeler la fragilit\u00e9 de nos c\u00f4tes. C\u2019est aussi l\u2019occasion d\u2019\u00e9toffer nos r\u00e9seaux militants, de partager nos pratiques, comme une sorte d\u2019Internationale des oc\u00e9ans.\u00a0\u00bb<\/p>\n<p>Des participants du monde entier<\/p>\n<p>Ils ont travers\u00e9 la plan\u00e8te pour crier leur indignation sur la promenade des Anglais. Wawana et Luene ont quitt\u00e9 l\u2019Amapa br\u00e9silienne, r\u00e9gion frontali\u00e8re de la Guyane fran\u00e7aise, pour porter la voix des peuples indig\u00e8nes de l\u2019Amazonie. \u00ab\u00a0De nouveaux forages offshore ont \u00e9t\u00e9 vot\u00e9s par des d\u00e9put\u00e9s proches de l\u2019ancien pr\u00e9sident Jair Bolsonaro. C\u2019est une catastrophe pour nos c\u00f4tes. En un an, il y a eu plus de 73 accidents d\u2019exploitation, entra\u00eenant des mar\u00e9es noires irr\u00e9versibles.\u00a0\u00bb<\/p>\n<p>Dans la for\u00eat de pancartes, il y avait aussi celle de Mback\u00e9 Seck, interpellant l\u2019Union Europ\u00e9enne dont \u00ab\u00a0les chalutiers pillent les ressources halieutiques du S\u00e9n\u00e9gal\u00a0\u00bb. Le Dakarois estime \u00e0 \u00ab\u00a043% la baisse du nombre de poissons\u00a0\u00bb dans les filets des p\u00eacheurs artisanaux.<\/p>\n<p>Un m\u00e9tier toujours plus difficile \u00e0 exercer, m\u00eame \u00e0 l\u2019autre bout de l\u2019oc\u00e9an. En t\u00e9moigne Thomas Ayalla, \u00ab\u00a0pescador\u00a0\u00bb, au large de Culebra, petite \u00eele de Porto Rico. \u00ab\u00a0Dans les Antilles, l\u2019\u00e9rosion ravage nos c\u00f4tes, faisant dispara\u00eetre l\u2019immense biodiversit\u00e9 qui fait vivre nos anc\u00eatres depuis des si\u00e8cles. Aujourd\u2019hui, \u00e0 Nice, je vois que je ne suis pas le seul \u00e0 vouloir sauver cet h\u00e9ritage pour le l\u00e9guer \u00e0 mes enfants.\u00a0\u00bb<\/p>\n","protected":false},"excerpt":{"rendered":"\u00ab\u00a0Les voix citoyennes ont si peu d\u2019espace pour s\u2019exprimer lors du sommet. Dans ce grand bain diplomatique \u00e0&hellip;\n","protected":false},"author":2,"featured_media":159351,"comment_status":"","ping_status":"","sticky":false,"template":"","format":"standard","meta":{"footnotes":""},"categories":[2819],"tags":[1111,11,436,1777,674,1011,27,802,12,2401,882,25],"class_list":{"0":"post-159350","1":"post","2":"type-post","3":"status-publish","4":"format-standard","5":"has-post-thumbnail","7":"category-nice","8":"tag-actu","9":"tag-actualites","10":"tag-environnement","11":"tag-eu","12":"tag-europe","13":"tag-fr","14":"tag-france","15":"tag-greves-et-mouvements-sociaux","16":"tag-news","17":"tag-nice","18":"tag-provence-alpes-cote-dazur","19":"tag-republique-francaise"},"share_on_mastodon":{"url":"https:\/\/pubeurope.com\/@fr\/114644181579169711","error":""},"_links":{"self":[{"href":"https:\/\/www.europesays.com\/fr\/wp-json\/wp\/v2\/posts\/159350","targetHints":{"allow":["GET"]}}],"collection":[{"href":"https:\/\/www.europesays.com\/fr\/wp-json\/wp\/v2\/posts"}],"about":[{"href":"https:\/\/www.europesays.com\/fr\/wp-json\/wp\/v2\/types\/post"}],"author":[{"embeddable":true,"href":"https:\/\/www.europesays.com\/fr\/wp-json\/wp\/v2\/users\/2"}],"replies":[{"embeddable":true,"href":"https:\/\/www.europesays.com\/fr\/wp-json\/wp\/v2\/comments?post=159350"}],"version-history":[{"count":0,"href":"https:\/\/www.europesays.com\/fr\/wp-json\/wp\/v2\/posts\/159350\/revisions"}],"wp:featuredmedia":[{"embeddable":true,"href":"https:\/\/www.europesays.com\/fr\/wp-json\/wp\/v2\/media\/159351"}],"wp:attachment":[{"href":"https:\/\/www.europesays.com\/fr\/wp-json\/wp\/v2\/media?parent=159350"}],"wp:term":[{"taxonomy":"category","embeddable":true,"href":"https:\/\/www.europesays.com\/fr\/wp-json\/wp\/v2\/categories?post=159350"},{"taxonomy":"post_tag","embeddable":true,"href":"https:\/\/www.europesays.com\/fr\/wp-json\/wp\/v2\/tags?post=159350"}],"curies":[{"name":"wp","href":"https:\/\/api.w.org\/{rel}","templated":true}]}}