{"id":159354,"date":"2025-06-07T21:23:15","date_gmt":"2025-06-07T21:23:15","guid":{"rendered":"https:\/\/www.europesays.com\/fr\/159354\/"},"modified":"2025-06-07T21:23:15","modified_gmt":"2025-06-07T21:23:15","slug":"goree-et-la-montee-des-eaux-au-musee-darts-de-nantes","status":"publish","type":"post","link":"https:\/\/www.europesays.com\/fr\/159354\/","title":{"rendered":"Gor\u00e9e et la mont\u00e9e des eaux au mus\u00e9e d\u2019Arts de Nantes"},"content":{"rendered":"<p>L\u2019exp\u00e9rience est envo\u00fbtante. Depuis le 10\u00a0mai jusqu\u2019au 21\u00a0septembre 2025, l\u2019oc\u00e9an s\u2019invite dans la chapelle de l\u2019Oratoire. <a href=\"https:\/\/nantes.maville.com\/info\/info-locale\/quatre-raisons-de-re-visiter-le-musee-darts-de-nantes-a5091020-3275-11f0-baaa-01945172362e#:~:text=James%20Guitet%2C%20les%20%C5%93uvres%20du,art%20moderne%20et%20contemporain%20estivale.\" target=\"_self\" rel=\"noopener\">Le mus\u00e9e d\u2019Arts de Nantes pr\u00e9sente ainsi \u00ab\u00a0Dunking Island\u00a0\u00bb, de Capucine Vever.<\/a> Une \u0153uvre immersive, compos\u00e9e de six \u00e9crans et d\u2019un dispositif acoustique multi-canal, au sein de laquelle le visiteur est invit\u00e9 \u00e0 d\u00e9ambuler. Trente-cinq minutes de plong\u00e9e dans la baie de Dakar, au S\u00e9n\u00e9gal, o\u00f9 le spectateur se retrouve au c\u0153ur de la d\u00e9rive d\u2019une embarcation sur l\u2019Atlantique, aux abords de l\u2019\u00eele de Gor\u00e9e. Ici la mont\u00e9e des eaux menace inexorablement l\u2019\u00eele et son histoire, celle du commerce triangulaire et de la traite de l\u2019Atlantique, intimement li\u00e9e \u00e0 celle de Nantes.<\/p>\n<p>\t<img decoding=\"async\" src=\"https:\/\/www.europesays.com\/fr\/wp-content\/uploads\/2025\/06\/P35276670D6843541G_px_640_.jpg\" alt=\"photo l\u2019exposition dunking island, de capucine vever, dans la chapelle de l\u2019oratoire du mus\u00e9e d\u2019arts de nantes.  \u00a9  photo presse oc\u00e9an-thierry butzbach\" width=\"640\" title=\" L\u2019exposition Dunking Island, de Capucine Vever, dans la Chapelle de l\u2019oratoire du Mus\u00e9e d\u2019Arts de Nantes.   Photo Presse Oc\u00e9an-Thierry Butzbach \"\/><\/p>\n<p class=\"elmt-legende\"> L\u2019exposition Dunking Island, de Capucine Vever, dans la Chapelle de l\u2019oratoire du Mus\u00e9e d\u2019Arts de Nantes.   Photo Presse Oc\u00e9an-Thierry Butzbach <\/p>\n<p>\u00ab\u00a0J\u2019ai rencontr\u00e9 des oc\u00e9anographes, des historiens, des p\u00eacheurs\u00a0\u00bb<\/p>\n<p>\u00a0Lorsque j\u2019ai d\u00e9couvert l\u2019installation de Capucine en 2022, je me suis dit qu\u2019elle devait absolument venir ici\u00a0, raconte Patrice Joly, directeur artistique du<a href=\"https:\/\/www.cnap.fr\/annuaire\/lieu\/zoo-0\" target=\"_self\" rel=\"noopener\"> centre d\u2019art contemporain nantais Zoo,<\/a> et co-commissaire de l\u2019exposition avec Marie Dupas, du Mus\u00e9e d\u2019arts.<\/p>\n<p>La plasticienne de 39\u00a0ans a mis de longs mois \u00e0 adapter son \u0153uvre \u00e0 l\u2019espace de la chapelle. \u00a0Le projet est venu \u00e0 moi dans le cadre d\u2019une r\u00e9sidence \u00e0 Dakar, propos\u00e9e par l\u2019agglom\u00e9ration Grand Paris Sud en 2020. L\u2019id\u00e9e, avant que le confinement n\u2019arrive, \u00e9tait d\u2019aborder la probl\u00e9matique de la mont\u00e9e des eaux sur le littoral s\u00e9n\u00e9galais\u00a0, souligne Capucine Vever. Et puis la Pantinoise (en Seine-Saint-Denis) a d\u00e9couvert \u00a0cette \u00eele de Gor\u00e9e minuscule avec une histoire immense\u00a0. Point d\u2019organisation de la d\u00e9portation des esclaves vers les colonies, elle est aujourd\u2019hui grignot\u00e9e peu \u00e0 peu par l\u2019oc\u00e9an.<\/p>\n<p>\t<img decoding=\"async\" src=\"https:\/\/www.europesays.com\/fr\/wp-content\/uploads\/2025\/06\/P35276671D6843541G_px_640_.jpg\" alt=\"photo dunking island, \u00e9voque aussi la probl\u00e9matique des p\u00eacheurs, au mus\u00e9e d\u2019arts de nantes.  \u00a9  \u00a9 adagp, paris, 2024 \/ capucine vever\" width=\"640\" title=\" Dunking Island, \u00e9voque aussi la probl\u00e9matique des p\u00eacheurs, au mus\u00e9e d\u2019Arts de Nantes.   \u00a9 ADAGP, Paris, 2024 \/ Capucine Vever \"\/><\/p>\n<p class=\"elmt-legende\"> Dunking Island, \u00e9voque aussi la probl\u00e9matique des p\u00eacheurs, au mus\u00e9e d\u2019Arts de Nantes.   \u00a9 ADAGP, Paris, 2024 \/ Capucine Vever <\/p>\n<p>\u00a0J\u2019ai cherch\u00e9 comment parler de la plus juste mani\u00e8re de ce ph\u00e9nom\u00e8ne climatique, qui n\u2019a pas de visibilit\u00e9, puisqu\u2019il se joue en dehors du temps du regard. \u00c0 l\u2019\u00e9poque o\u00f9 j\u2019y \u00e9tais, on parlait quand m\u00eame d\u2019une mont\u00e9e de 3 \u00e0 4\u00a0mm par an. C\u2019est ainsi que m\u2019est venue l\u2019id\u00e9e de mettre la cam\u00e9ra dans l\u2019eau\u00a0, se souvient-elle.<\/p>\n<p>Pour ce projet qu\u2019elle a mis plus de deux ans \u00e0 finaliser, l\u2019artiste a d\u00fb apprendre la plong\u00e9e. \u00a0On a film\u00e9 en lumi\u00e8re naturelle, durant un mois, avec des sessions de deux plong\u00e9es par jour \u00e0 plus de 10\u00a0m.\u00a0 Au cours d\u2019une r\u00e9sidence de 3\u00a0mois au S\u00e9n\u00e9gal en 2021, elle a aussi \u00e9t\u00e9 \u00e0 la rencontre des personnes qui vivent et traversent le territoire\u00a0: \u00a0J\u2019ai rencontr\u00e9 des historiens de Gor\u00e9e, des oc\u00e9anographes de l\u2019Institut de recherche pour le d\u00e9veloppement, mais aussi des associations de p\u00eacheurs pour comprendre la menace sur la p\u00eache artisanale. Finalement, mettre la cam\u00e9ra dans l\u2019eau a ouvert le sujet \u00e0 d\u2019autres probl\u00e9matiques, notamment celui de la surp\u00eache ou du tourisme de m\u00e9moire, important \u00e0 perp\u00e9tuer, mais qui attire 500\u00a0000\u00a0visiteurs par an, avec la pollution qui va avec.\u00a0<\/p>\n<p>\t<img decoding=\"async\" src=\"https:\/\/www.europesays.com\/fr\/wp-content\/uploads\/2025\/06\/P35276672D6843541G_px_640_.jpg\" alt=\"photo capucine vever, artiste dont l\u2019installation dunking island est expos\u00e9e dans la chapelle de l\u2019oratoire du mus\u00e9e d\u2019arts de nantes.  \u00a9  photo presse oc\u00e9an-thierry butzbach\" width=\"640\" title=\" Capucine Vever, artiste dont l\u2019installation Dunking Island est expos\u00e9e dans la Chapelle de l\u2019oratoire du Mus\u00e9e d\u2019Arts de Nantes.   Photo Presse Oc\u00e9an-Thierry Butzbach \"\/><\/p>\n<p class=\"elmt-legende\"> Capucine Vever, artiste dont l\u2019installation Dunking Island est expos\u00e9e dans la Chapelle de l\u2019oratoire du Mus\u00e9e d\u2019Arts de Nantes.   Photo Presse Oc\u00e9an-Thierry Butzbach <\/p>\n<p>Un r\u00e9cit po\u00e9sie \u00e9crit par Wasis Diop<\/p>\n<p>Pour mettre en mots son \u00a0r\u00e9cit po\u00e9sie\u00a0, Capucine Vever a fait appel \u00e0 Wasis Diop, un chanteur compositeur tr\u00e8s connu au S\u00e9n\u00e9gal, originaire de la tribu de p\u00eacheurs L\u00e9bous. \u00a0On s\u2019est fait enfermer dans des filets de p\u00eache artisanale pour certaines s\u00e9quences film\u00e9es. J\u2019ai \u00e9t\u00e9 marqu\u00e9e par le rapport tr\u00e8s animiste de ces p\u00eacheurs avec l\u2019oc\u00e9an\u00a0: il y a aussi un v\u00e9ritable danger \u00e0 s\u2019embarquer sur l\u2019Atlantique \u00e0 bord de ces petites pirogues et la tribu lui parle avant d\u2019aller p\u00eacher. C\u2019\u00e9tait important de laisser la parole \u00e0 quelqu\u2019un d\u2019autre qu\u2019une artiste occidentale blanche pour \u00e9voquer cet espace oc\u00e9anique\u2026\u00a0<\/p>\n<p>La plasticienne a \u00e9galement demand\u00e9 au compositeur Valentin Ferr\u00e9 de mettre en musique et en acoustique son installation. Son dispositif sonore, en 16\u00a0enceintes et 4\u00a0caissons de basse, d\u00e9veloppe ainsi une exp\u00e9rience sonore spatialis\u00e9e, enveloppante et unique. Un voyage au gr\u00e9 des courants et de l\u2019humeur de l\u2019oc\u00e9an \u00e0 d\u00e9couvrir tout l\u2019\u00e9t\u00e9.<\/p>\n<p>\u00a0<\/p>\n","protected":false},"excerpt":{"rendered":"L\u2019exp\u00e9rience est envo\u00fbtante. Depuis le 10\u00a0mai jusqu\u2019au 21\u00a0septembre 2025, l\u2019oc\u00e9an s\u2019invite dans la chapelle de l\u2019Oratoire. Le mus\u00e9e&hellip;\n","protected":false},"author":2,"featured_media":159355,"comment_status":"","ping_status":"","sticky":false,"template":"","format":"standard","meta":{"footnotes":""},"categories":[2818],"tags":[1111,11,1348,27261,1777,674,1011,27,29048,17297,3048,766,12,2636,25],"class_list":{"0":"post-159354","1":"post","2":"type-post","3":"status-publish","4":"format-standard","5":"has-post-thumbnail","7":"category-nantes","8":"tag-actu","9":"tag-actualites","10":"tag-arts","11":"tag-eaux","12":"tag-eu","13":"tag-europe","14":"tag-fr","15":"tag-france","16":"tag-goree","17":"tag-montee","18":"tag-musee","19":"tag-nantes","20":"tag-news","21":"tag-pays-de-la-loire","22":"tag-republique-francaise"},"share_on_mastodon":{"url":"https:\/\/pubeurope.com\/@fr\/114644189682512866","error":""},"_links":{"self":[{"href":"https:\/\/www.europesays.com\/fr\/wp-json\/wp\/v2\/posts\/159354","targetHints":{"allow":["GET"]}}],"collection":[{"href":"https:\/\/www.europesays.com\/fr\/wp-json\/wp\/v2\/posts"}],"about":[{"href":"https:\/\/www.europesays.com\/fr\/wp-json\/wp\/v2\/types\/post"}],"author":[{"embeddable":true,"href":"https:\/\/www.europesays.com\/fr\/wp-json\/wp\/v2\/users\/2"}],"replies":[{"embeddable":true,"href":"https:\/\/www.europesays.com\/fr\/wp-json\/wp\/v2\/comments?post=159354"}],"version-history":[{"count":0,"href":"https:\/\/www.europesays.com\/fr\/wp-json\/wp\/v2\/posts\/159354\/revisions"}],"wp:featuredmedia":[{"embeddable":true,"href":"https:\/\/www.europesays.com\/fr\/wp-json\/wp\/v2\/media\/159355"}],"wp:attachment":[{"href":"https:\/\/www.europesays.com\/fr\/wp-json\/wp\/v2\/media?parent=159354"}],"wp:term":[{"taxonomy":"category","embeddable":true,"href":"https:\/\/www.europesays.com\/fr\/wp-json\/wp\/v2\/categories?post=159354"},{"taxonomy":"post_tag","embeddable":true,"href":"https:\/\/www.europesays.com\/fr\/wp-json\/wp\/v2\/tags?post=159354"}],"curies":[{"name":"wp","href":"https:\/\/api.w.org\/{rel}","templated":true}]}}