{"id":159360,"date":"2025-06-07T21:26:09","date_gmt":"2025-06-07T21:26:09","guid":{"rendered":"https:\/\/www.europesays.com\/fr\/159360\/"},"modified":"2025-06-07T21:26:09","modified_gmt":"2025-06-07T21:26:09","slug":"bordeaux-begles-rc-vannes-le-resume-du-match-qui-envoie-officiellement-le-rcv-en-pro-d2","status":"publish","type":"post","link":"https:\/\/www.europesays.com\/fr\/159360\/","title":{"rendered":"Bordeaux B\u00e8gles &#8211; RC Vannes\u00a0: le r\u00e9sum\u00e9 du match qui envoie officiellement le RCV en Pro D2"},"content":{"rendered":"<p>Top 14 (26e journ\u00e9e). Union Bordeaux B\u00e8gles &#8211; RC Vannes : 59-28<\/p>\n<p>Le <a href=\"https:\/\/www.letelegramme.fr\/sports\/rugby\/rc-vannes\/\" target=\"_blank\" rel=\"noopener\">RC Vannes<\/a> a lanc\u00e9 sa saison historique en Top 14 contre un champion d\u2019Europe. Il l\u2019a conclue, ce samedi, contre un autre champion d\u2019Europe. Deux matchs de gala en soir\u00e9e, pour ouvrir puis clore ce chapitre majeur de l\u2019histoire du RCV. Deux matchs qui ont aussi permis de mesurer les progr\u00e8s r\u00e9alis\u00e9s par le promu en neuf mois.<\/p>\n<p>Face \u00e0 l\u2019UBB et toutes ses stars, les Vannetais ont \u00e9t\u00e9 magnifiques. \u00c0 l\u2019image de leur saison, ils ont \u00e9t\u00e9 g\u00e9n\u00e9reux, offensifs, accrocheurs. Ils n\u2019ont jamais abdiqu\u00e9, malgr\u00e9 l\u2019essai rapide du serial marqueur Louis Bielle-Biarrey (5-0, 5\u2019), \u00e0 la r\u00e9ception d\u2019une magnifique passe au pied de Matthieu Jalibert.<\/p>\n<p>Les Morbihannais ont m\u00eame pris l\u2019avantage \u00e0 deux reprises, gr\u00e2ce \u00e0 des essais de Pierre Boudehent (5-7, 11\u2019) puis de Romaric Camou (19-21, 48\u2019), face \u00e0 des Bordelo-B\u00e9glais il est vrai plus maladroits qu\u2019\u00e0 l\u2019accoutum\u00e9e.<\/p>\n<p>Cinq essais encaiss\u00e9s en dix minutes<\/p>\n<p>Ils ont tenu pr\u00e8s d\u2019une heure avant de craquer face au banc XXL de l\u2019UBB. \u00c9reint\u00e9s par une saison \u00e9prouvante et face au vent en seconde p\u00e9riode, ils ont encaiss\u00e9 cinq essais en seulement dix minutes par Tameifuna (57\u2019), Depoortere (59\u2019, 67\u2019), Penaud (62\u2019) et Bielle-Biarrey (64\u2019) pour accuser plus de 30 points de retard au moment d\u2019entrer dans les dix derni\u00e8res minutes (52-21).<\/p>\n<p>D\u00e9sormais, c\u2019est officiel : le RC Vannes \u00e9voluera en Pro D2 la saison prochaine. Et c\u2019est d\u00e9j\u00e0 un exploit d\u2019avoir fait durer le suspense jusqu\u2019\u00e0 l\u2019ultime journ\u00e9e du Top 14. Les Morbihannais retrouvent un championnat qu\u2019ils connaissent bien, m\u00eame si plus ne sera jamais pareil. Ils ont maintenant acquis un autre statut et embarqu\u00e9 avec des attentes encore plus \u00e9lev\u00e9es qu\u2019avant leur titre historique.<\/p>\n<p>Retour en Pro D2<\/p>\n<p>Le RCV devra s\u2019inspirer de La Rochelle ou de Lyon qui, dans un pass\u00e9 plus ou moins r\u00e9cent, ont fait l\u2019ascenseur avant de s\u2019installer dans l\u2019\u00e9lite du rugby fran\u00e7ais. Mais il devra aussi se m\u00e9fier de la redescente apr\u00e8s toute l\u2019euphorie et l\u2019adr\u00e9naline qu\u2019apportent le Top 14. Il faudra se r\u00e9habituer \u00e0 un championnat plus rustique, des pelouses \u00e0 trous, des matchs en semaine et de longs voyages en car. Ces derni\u00e8res saisons, Brive et Oyonnax, pourtant habitu\u00e9s \u00e0 osciller entre Top 14 et Pro D2, en ont fait l\u2019am\u00e8re exp\u00e9rience.<\/p>\n<p>Mais tout \u00e7a sera au programme de la reprise. Pour le moment, les Vannetais peuvent profiter d\u2019un dernier moment dans la peau d\u2019une \u00e9quipe de Top 14 et garder ces souvenirs bien ancr\u00e9s dans leur m\u00e9moire. Une belle source de motivation pour retrouver au plus vite la premi\u00e8re division.<\/p>\n<p>La fiche technique<\/p>\n<p><strong class=\"tech\">Arbitre : <\/strong>Tual Trainini.<\/p>\n<p><strong class=\"tech\">Spectateurs :<\/strong> 32 215.<\/p>\n<p><strong class=\"tech\">Les points. <\/strong>Bordeaux B\u00e8gles : 9 essais de Bielle-Biarrey (5\u2019, 64\u2019), Lesgourgues (20\u2019), Penaud (34\u2019, 62\u2019), Tameifuna (57\u2019), Depoortere (59\u2019, 67\u2019), Taufa (80\u2019) ; 7 transformations de Jalibert (21\u2019, 35\u2019, 57\u2019, 59\u2019, 63\u2019, 68\u2019), Ducuing (80\u2019). Vannes : 4 essais de Boudehent (11\u2019), B\u00e9ziat (40\u2019), Camou (48\u2019), Kalamafoni (76\u2019) ; 3 transformations de Lafage (12\u2019, 40\u2019, 49\u2019), Cotarmanac\u2019h (77\u2019).<\/p>\n<p><strong class=\"tech\">Cartons jaunes.<\/strong> Bordeaux B\u00e8gles : Coleman (29\u2019), Perchaud (47\u2019), van Rensburg (76\u2019). Vannes : Edwards (57\u2019), Cotarmanac\u2019h (80\u2019).<\/p>\n<p><strong class=\"tech\">UBB. <\/strong>15. Ducuing (Reti\u00e8re 50\u2019) &#8211; 14. Penaud, 13. Depoortere (van Rensburg 71\u2019), 12. van Rensburg (Moefana 50\u2019), 11. Bielle-Biarrey (Ducuing 73\u2019) &#8211; 10. Jalibert (Carbery 68\u2019), 9. Lesgourgues &#8211; 7. Petti (Gazzotti 71\u2019), 8. Samu (Baquey 50\u2019, Samu 57\u2019), 6. Gazzotti (Tatafu 57\u2019) &#8211; 5. Cazeaux, 4. Coleman (Bochaton 50\u2019) &#8211; 3. Tameifuna (Taufa 57\u2019), 2. Lamothe (Laterrade 60\u2019), 1. Perchaud. Entra\u00eeneur principal : Yannick Bru.<\/p>\n<p><strong class=\"tech\">RCV. <\/strong>15. Surano &#8211; 14. Camou (Nakosi 64\u2019), 13. Taccola, 12. Boudehent, 11. Nakosi (Porch 56\u2019) &#8211; 10. Lafage (Cotarmanac\u2019h 64\u2019), 9. Ruru (Varney 64\u2019) &#8211; 7. Gorrissen (cap.), 8. Boulier (Chateau 68\u2019) , 6. Edwards &#8211; 5. Kalamafoni, 4. Marks (Parete 29\u2019) &#8211; 3. Medrano (Kit\u00e9 28\u2019, Medrano 66\u2019), 2. B\u00e9ziat (Blanchard 56\u2019), 1. Vunipola (Moukoro 56\u2019). Entra\u00eeneur principal : Jean-No\u00ebl Spitzer.<\/p>\n","protected":false},"excerpt":{"rendered":"Top 14 (26e journ\u00e9e). Union Bordeaux B\u00e8gles &#8211; RC Vannes : 59-28 Le RC Vannes a lanc\u00e9 sa&hellip;\n","protected":false},"author":2,"featured_media":159361,"comment_status":"","ping_status":"","sticky":false,"template":"","format":"standard","meta":{"footnotes":""},"categories":[2817],"tags":[1111,11,1997,765,3166,1777,674,1011,27,12,2219,3164,3167,25,479,60,478,3165],"class_list":{"0":"post-159360","1":"post","2":"type-post","3":"status-publish","4":"format-standard","5":"has-post-thumbnail","7":"category-bordeaux","8":"tag-actu","9":"tag-actualites","10":"tag-bordeaux","11":"tag-en-continu","12":"tag-en-continu-sports","13":"tag-eu","14":"tag-europe","15":"tag-fr","16":"tag-france","17":"tag-news","18":"tag-nouvelle-aquitaine","19":"tag-rc-vannes","20":"tag-rcv","21":"tag-republique-francaise","22":"tag-rugby","23":"tag-sports","24":"tag-top-14","25":"tag-vannes"},"share_on_mastodon":{"url":"https:\/\/pubeurope.com\/@fr\/114644201234323314","error":""},"_links":{"self":[{"href":"https:\/\/www.europesays.com\/fr\/wp-json\/wp\/v2\/posts\/159360","targetHints":{"allow":["GET"]}}],"collection":[{"href":"https:\/\/www.europesays.com\/fr\/wp-json\/wp\/v2\/posts"}],"about":[{"href":"https:\/\/www.europesays.com\/fr\/wp-json\/wp\/v2\/types\/post"}],"author":[{"embeddable":true,"href":"https:\/\/www.europesays.com\/fr\/wp-json\/wp\/v2\/users\/2"}],"replies":[{"embeddable":true,"href":"https:\/\/www.europesays.com\/fr\/wp-json\/wp\/v2\/comments?post=159360"}],"version-history":[{"count":0,"href":"https:\/\/www.europesays.com\/fr\/wp-json\/wp\/v2\/posts\/159360\/revisions"}],"wp:featuredmedia":[{"embeddable":true,"href":"https:\/\/www.europesays.com\/fr\/wp-json\/wp\/v2\/media\/159361"}],"wp:attachment":[{"href":"https:\/\/www.europesays.com\/fr\/wp-json\/wp\/v2\/media?parent=159360"}],"wp:term":[{"taxonomy":"category","embeddable":true,"href":"https:\/\/www.europesays.com\/fr\/wp-json\/wp\/v2\/categories?post=159360"},{"taxonomy":"post_tag","embeddable":true,"href":"https:\/\/www.europesays.com\/fr\/wp-json\/wp\/v2\/tags?post=159360"}],"curies":[{"name":"wp","href":"https:\/\/api.w.org\/{rel}","templated":true}]}}