{"id":159372,"date":"2025-06-07T21:33:13","date_gmt":"2025-06-07T21:33:13","guid":{"rendered":"https:\/\/www.europesays.com\/fr\/159372\/"},"modified":"2025-06-07T21:33:13","modified_gmt":"2025-06-07T21:33:13","slug":"il-passe-a-tabac-son-ex-compagne-devant-les-yeux-de-leur-fillette","status":"publish","type":"post","link":"https:\/\/www.europesays.com\/fr\/159372\/","title":{"rendered":"il passe \u00e0 tabac son ex-compagne devant les yeux de leur fillette"},"content":{"rendered":"<p itemprop=\"description\"><strong>Le 28 janvier dernier, un homme \u00e2g\u00e9 de 43 ans s&rsquo;\u00e9tait rendu \u00e0 Tarare pour r\u00e9cup\u00e9rer sa fille de 3 ans aupr\u00e8s de son ex-compagne.<\/strong><\/p>\n<p>Le quadrag\u00e9naire avait eu la mauvaise id\u00e9e de venir avec sa nouvelle conqu\u00eate. Furieuse, l&rsquo;ex avait refus\u00e9 de confier son enfant \u00e0 cette derni\u00e8re, provoquant la col\u00e8re du p\u00e8re.<\/p>\n<p>Ce dernier l&rsquo;avait alors fait chuter au sol avant de la rouer de coups. Et tout \u00e7a, devant leur fillette\u2026<\/p>\n<p>La femme avait obtenu 10 jours d&rsquo;ITT. Et l&rsquo;homme a \u00e9t\u00e9 jug\u00e9 cette semaine par le tribunal correctionnel de Villefranche-sur-Sa\u00f4ne.<\/p>\n<p>Il a \u00e9cop\u00e9 de 10 mois de prison avec sursis et devra indemniser les gendarmes qu&rsquo;il avait insult\u00e9s \u00e0 hauteur de 400 euros chacun. Son casier vierge lui a permis d&rsquo;\u00e9viter une peine plus lourde.<\/p>\n","protected":false},"excerpt":{"rendered":"Le 28 janvier dernier, un homme \u00e2g\u00e9 de 43 ans s&rsquo;\u00e9tait rendu \u00e0 Tarare pour r\u00e9cup\u00e9rer sa fille&hellip;\n","protected":false},"author":2,"featured_media":159373,"comment_status":"","ping_status":"","sticky":false,"template":"","format":"standard","meta":{"footnotes":""},"categories":[1889],"tags":[1111,11,2813,2190,2430,1109,251,1112,2811,1777,674,118,1011,27,1922,1110,1114,2428,2810,12,241,316,25,2812,517,800],"class_list":{"0":"post-159372","1":"post","2":"type-post","3":"status-publish","4":"format-standard","5":"has-post-thumbnail","7":"category-lyon","8":"tag-actu","9":"tag-actualites","10":"tag-article","11":"tag-asvel","12":"tag-auvergne-rhone-alpes","13":"tag-breves","14":"tag-culture","15":"tag-depeches","16":"tag-economique","17":"tag-eu","18":"tag-europe","19":"tag-faits-divers","20":"tag-fr","21":"tag-france","22":"tag-info","23":"tag-informations","24":"tag-infos","25":"tag-lyon","26":"tag-lyonmag","27":"tag-news","28":"tag-ol","29":"tag-politique","30":"tag-republique-francaise","31":"tag-sociale","32":"tag-sport","33":"tag-transports"},"share_on_mastodon":{"url":"https:\/\/pubeurope.com\/@fr\/114644228744016905","error":""},"_links":{"self":[{"href":"https:\/\/www.europesays.com\/fr\/wp-json\/wp\/v2\/posts\/159372","targetHints":{"allow":["GET"]}}],"collection":[{"href":"https:\/\/www.europesays.com\/fr\/wp-json\/wp\/v2\/posts"}],"about":[{"href":"https:\/\/www.europesays.com\/fr\/wp-json\/wp\/v2\/types\/post"}],"author":[{"embeddable":true,"href":"https:\/\/www.europesays.com\/fr\/wp-json\/wp\/v2\/users\/2"}],"replies":[{"embeddable":true,"href":"https:\/\/www.europesays.com\/fr\/wp-json\/wp\/v2\/comments?post=159372"}],"version-history":[{"count":0,"href":"https:\/\/www.europesays.com\/fr\/wp-json\/wp\/v2\/posts\/159372\/revisions"}],"wp:featuredmedia":[{"embeddable":true,"href":"https:\/\/www.europesays.com\/fr\/wp-json\/wp\/v2\/media\/159373"}],"wp:attachment":[{"href":"https:\/\/www.europesays.com\/fr\/wp-json\/wp\/v2\/media?parent=159372"}],"wp:term":[{"taxonomy":"category","embeddable":true,"href":"https:\/\/www.europesays.com\/fr\/wp-json\/wp\/v2\/categories?post=159372"},{"taxonomy":"post_tag","embeddable":true,"href":"https:\/\/www.europesays.com\/fr\/wp-json\/wp\/v2\/tags?post=159372"}],"curies":[{"name":"wp","href":"https:\/\/api.w.org\/{rel}","templated":true}]}}