{"id":159388,"date":"2025-06-07T21:42:10","date_gmt":"2025-06-07T21:42:10","guid":{"rendered":"https:\/\/www.europesays.com\/fr\/159388\/"},"modified":"2025-06-07T21:42:10","modified_gmt":"2025-06-07T21:42:10","slug":"le-president-lula-suggere-que-lonu-chapeaute-les-discussions-entre-kiev-et-moscou","status":"publish","type":"post","link":"https:\/\/www.europesays.com\/fr\/159388\/","title":{"rendered":"le pr\u00e9sident Lula sugg\u00e8re que l&rsquo;ONU chapeaute les discussions entre Kiev et Moscou"},"content":{"rendered":"<p>Le pr\u00e9sident br\u00e9silien Luiz Inacio Lula da Silva, en visite en France, a sugg\u00e9r\u00e9 que l&rsquo;ONU prenne la t\u00eate d&rsquo;un groupe de pays \u00ab pas impliqu\u00e9s dans la guerre \u00bb en Ukraine pour tenter de trouver un accord entre Kiev et Moscou, lors d&rsquo;une conf\u00e9rence de presse samedi 7 juin.<\/p>\n<p>\u00ab L&rsquo;<a href=\"https:\/\/www.rfi.fr\/fr\/tag\/onu\/\" rel=\"nofollow noopener\" target=\"_blank\" data-ylk=\"slk:ONU;elm:context_link;itc:0;sec:content-canvas\" class=\"link \"><strong>ONU <\/strong><\/a>peut retrouver un r\u00f4le de premier plan dans cette affaire \u00bb, a d\u00e9clar\u00e9 le chef d&rsquo;\u00c9tat br\u00e9silien, alors que des pourparlers russo-ukrainiens lanc\u00e9s en mai en Turquie patinent, plus de trois ans apr\u00e8s l&rsquo;invasion de l&rsquo;Ukraine par la Russie.<\/p>\n<p>\u00ab Antonio Guterres est un homme bon. Il (&#8230;) peut proposer un groupe d&rsquo;amis au (pr\u00e9sident ukrainien Volodymyr) Zelensky et au (pr\u00e9sident russe Vladimir) Poutine, qui discutent avec eux deux, entendent la v\u00e9rit\u00e9 des deux et ensuite construisent une alternative \u00bb, a affirm\u00e9 M. Lula.<\/p>\n<p>\u00ab Ce que je propose, c&rsquo;est de cr\u00e9er une commission de pays qui ne sont pas impliqu\u00e9s dans la guerre pour discuter avec Zelensky et avec Poutine \u00bb, a-t-il ajout\u00e9.<\/p>\n<p>Selon le <a href=\"https:\/\/www.rfi.fr\/fr\/tag\/luiz-inacio-lula-da-silva\/\" rel=\"nofollow noopener\" target=\"_blank\" data-ylk=\"slk:pr\u00e9sident Lula;elm:context_link;itc:0;sec:content-canvas\" class=\"link \"><strong>pr\u00e9sident Lula<\/strong><\/a>, \u00ab personne n&rsquo;obtiendra tout ce qu&rsquo;il veut, mais ils obtiendront ce qui est possible \u00bb, c&rsquo;est-\u00e0-dire \u00ab ni \u00e0 100% la position de Zelensky, ni \u00e0 100% la position de Poutine \u00bb.<\/p>\n<p>Il a cit\u00e9 \u00e0 ce titre l&rsquo;exemple de la Crim\u00e9e, r\u00e9gion annex\u00e9e par Moscou en 2014 dont l&rsquo;appartenance \u00e0 l&rsquo;Ukraine n&rsquo;est pas n\u00e9gociable pour Kiev, mais dont Vladimir Poutine \u00ab ne veut pas partir \u00bb.<\/p>\n<p>Contrairement aux Europ\u00e9ens, Brasilia continue d&rsquo;entretenir de bonnes relations avec la Russie et observe une attitude de neutralit\u00e9 vis-\u00e0-vis de la guerre en Ukraine.<\/p>\n<p><a href=\"https:\/\/www.rfi.fr\/fr\/europe\/20250607-ukraine-le-pr%C3%A9sident-lula-sugg%C3%A8re-que-l-onu-chapeaute-les-discussions-entre-kiev-et-moscou\" rel=\"nofollow noopener\" target=\"_blank\" data-ylk=\"slk:Lire la suite sur RFI;elm:context_link;itc:0;sec:content-canvas\" class=\"link \">Lire la suite sur RFI<\/a><\/p>\n","protected":false},"excerpt":{"rendered":"Le pr\u00e9sident br\u00e9silien Luiz Inacio Lula da Silva, en visite en France, a sugg\u00e9r\u00e9 que l&rsquo;ONU prenne la&hellip;\n","protected":false},"author":2,"featured_media":159389,"comment_status":"","ping_status":"","sticky":false,"template":"","format":"standard","meta":{"footnotes":""},"categories":[1590],"tags":[11,1153,1777,674,11229,5493,25523,1916,12,220,135],"class_list":{"0":"post-159388","1":"post","2":"type-post","3":"status-publish","4":"format-standard","5":"has-post-thumbnail","7":"category-ukraine","8":"tag-actualites","9":"tag-conference-de-presse","10":"tag-eu","11":"tag-europe","12":"tag-kiev","13":"tag-lukraine","14":"tag-luiz-inacio-lula-da-silva","15":"tag-moscou","16":"tag-news","17":"tag-ukraine","18":"tag-vladimir-poutine"},"share_on_mastodon":{"url":"https:\/\/pubeurope.com\/@fr\/114644264106629210","error":""},"_links":{"self":[{"href":"https:\/\/www.europesays.com\/fr\/wp-json\/wp\/v2\/posts\/159388","targetHints":{"allow":["GET"]}}],"collection":[{"href":"https:\/\/www.europesays.com\/fr\/wp-json\/wp\/v2\/posts"}],"about":[{"href":"https:\/\/www.europesays.com\/fr\/wp-json\/wp\/v2\/types\/post"}],"author":[{"embeddable":true,"href":"https:\/\/www.europesays.com\/fr\/wp-json\/wp\/v2\/users\/2"}],"replies":[{"embeddable":true,"href":"https:\/\/www.europesays.com\/fr\/wp-json\/wp\/v2\/comments?post=159388"}],"version-history":[{"count":0,"href":"https:\/\/www.europesays.com\/fr\/wp-json\/wp\/v2\/posts\/159388\/revisions"}],"wp:featuredmedia":[{"embeddable":true,"href":"https:\/\/www.europesays.com\/fr\/wp-json\/wp\/v2\/media\/159389"}],"wp:attachment":[{"href":"https:\/\/www.europesays.com\/fr\/wp-json\/wp\/v2\/media?parent=159388"}],"wp:term":[{"taxonomy":"category","embeddable":true,"href":"https:\/\/www.europesays.com\/fr\/wp-json\/wp\/v2\/categories?post=159388"},{"taxonomy":"post_tag","embeddable":true,"href":"https:\/\/www.europesays.com\/fr\/wp-json\/wp\/v2\/tags?post=159388"}],"curies":[{"name":"wp","href":"https:\/\/api.w.org\/{rel}","templated":true}]}}