{"id":159390,"date":"2025-06-07T21:43:19","date_gmt":"2025-06-07T21:43:19","guid":{"rendered":"https:\/\/www.europesays.com\/fr\/159390\/"},"modified":"2025-06-07T21:43:19","modified_gmt":"2025-06-07T21:43:19","slug":"des-pourparlers-sino-americains-lundi-a-londres","status":"publish","type":"post","link":"https:\/\/www.europesays.com\/fr\/159390\/","title":{"rendered":"Des pourparlers sino-am\u00e9ricains lundi \u00e0 Londres"},"content":{"rendered":"<p>\t\t\tDes discussions commerciales entre les Etats-Unis et la Chine auront lieu lundi \u00e0 Londres, a annonc\u00e9 le pr\u00e9sident am\u00e9ricain, Donald Trump, sur son r\u00e9seau Truth Social.<\/p>\n<p style=\"text-align: justify;\">Ces pourparlers visent \u00e0 parvenir \u00e0 un \u00ab\u00a0accord\u00a0\u00bb entre les deux g\u00e9ants du commerce mondial, a indiqu\u00e9 M. Trump dans un post publi\u00e9 vendredi soir.<\/p>\n<p style=\"text-align: justify;\">La d\u00e9l\u00e9gation am\u00e9ricaine \u00e0 cette r\u00e9union serait compos\u00e9e du secr\u00e9taire au Tr\u00e9sor, Scott Bessent, du secr\u00e9taire au Commerce, Howard Lutnick et du repr\u00e9sentant au Commerce, Jamieson Greer, a pr\u00e9cis\u00e9 le locataire de la Maison Blanche.<\/p>\n<p style=\"text-align: justify;\"><strong>Lire aussi :\u00a0<a style=\"color: #008000;\" href=\"https:\/\/maroc-diplomatique.net\/usa-la-cour-dappel-decide-du-maintien-des-droits-de-douane-imposes-par-donald-trump\/\" rel=\"nofollow noopener\" target=\"_blank\">USA: la cour d\u2019Appel d\u00e9cide du maintien des droits de douane impos\u00e9s par Donald Trump<\/a><\/strong><\/p>\n<p style=\"text-align: justify;\">Il s\u2019agirait de la deuxi\u00e8me rencontre entre Am\u00e9ricains et Chinois depuis la r\u00e9\u00e9lection de Trump, apr\u00e8s une premi\u00e8re \u00e0 Gen\u00e8ve mi-mai, qui a permis de mettre fin temporairement \u00e0 la guerre commerciale engag\u00e9e entre les deux puissances \u00e9conomiques.<\/p>\n<p style=\"text-align: justify;\">En cons\u00e9quence, les droits de douane sur les produits chinois ont \u00e9t\u00e9 ramen\u00e9s de 145% \u00e0 30%, en \u00e9change d\u2019une d\u00e9cision similaire par P\u00e9kin, de 125% \u00e0 10% sur les produits am\u00e9ricains, pour une dur\u00e9e de 90 jours.<\/p>\n<p style=\"text-align: justify;\">Le chef de l\u2019ex\u00e9cutif US a eu jeudi un appel t\u00e9l\u00e9phonique avec son homologue chinois, Xi Jinping, pour la premi\u00e8re fois depuis le d\u00e9but des tensions commerciales. Cette conversation s\u2019\u00e9tait conclue de \u00ab\u00a0mani\u00e8re tr\u00e8s positive\u00a0\u00bb, selon Trump.<\/p>\n<p style=\"text-align: justify;\">De son c\u00f4t\u00e9, Xi Jinping a demand\u00e9 \u00e0 son homologue am\u00e9ricain, durant leur \u00e9change, de \u00ab\u00a0redresser la trajectoire du grand navire des relations sino-am\u00e9ricaines\u00a0\u00bb, selon des propos relay\u00e9s par l\u2019agence Chine nouvelle.<\/p>\n<p style=\"text-align: justify;\">Avec MAP<\/p>\n","protected":false},"excerpt":{"rendered":"Des discussions commerciales entre les Etats-Unis et la Chine auront lieu lundi \u00e0 Londres, a annonc\u00e9 le pr\u00e9sident&hellip;\n","protected":false},"author":2,"featured_media":159391,"comment_status":"","ping_status":"","sticky":false,"template":"","format":"standard","meta":{"footnotes":""},"categories":[1589],"tags":[11,215,981,73,1866,4534,12,20354,20018,29050,1864,1865,1863,308],"class_list":{"0":"post-159390","1":"post","2":"type-post","3":"status-publish","4":"format-standard","5":"has-post-thumbnail","7":"category-etats-unis","8":"tag-actualites","9":"tag-commerce","10":"tag-douane","11":"tag-etats-unis","12":"tag-etats-unis-damerique","13":"tag-londres","14":"tag-news","15":"tag-pourparlers","16":"tag-scott-bessent","17":"tag-sino-americains","18":"tag-united-states","19":"tag-united-states-of-america","20":"tag-us","21":"tag-usa"},"share_on_mastodon":{"url":"https:\/\/pubeurope.com\/@fr\/114644268052458919","error":""},"_links":{"self":[{"href":"https:\/\/www.europesays.com\/fr\/wp-json\/wp\/v2\/posts\/159390","targetHints":{"allow":["GET"]}}],"collection":[{"href":"https:\/\/www.europesays.com\/fr\/wp-json\/wp\/v2\/posts"}],"about":[{"href":"https:\/\/www.europesays.com\/fr\/wp-json\/wp\/v2\/types\/post"}],"author":[{"embeddable":true,"href":"https:\/\/www.europesays.com\/fr\/wp-json\/wp\/v2\/users\/2"}],"replies":[{"embeddable":true,"href":"https:\/\/www.europesays.com\/fr\/wp-json\/wp\/v2\/comments?post=159390"}],"version-history":[{"count":0,"href":"https:\/\/www.europesays.com\/fr\/wp-json\/wp\/v2\/posts\/159390\/revisions"}],"wp:featuredmedia":[{"embeddable":true,"href":"https:\/\/www.europesays.com\/fr\/wp-json\/wp\/v2\/media\/159391"}],"wp:attachment":[{"href":"https:\/\/www.europesays.com\/fr\/wp-json\/wp\/v2\/media?parent=159390"}],"wp:term":[{"taxonomy":"category","embeddable":true,"href":"https:\/\/www.europesays.com\/fr\/wp-json\/wp\/v2\/categories?post=159390"},{"taxonomy":"post_tag","embeddable":true,"href":"https:\/\/www.europesays.com\/fr\/wp-json\/wp\/v2\/tags?post=159390"}],"curies":[{"name":"wp","href":"https:\/\/api.w.org\/{rel}","templated":true}]}}