{"id":15942,"date":"2025-04-10T21:59:08","date_gmt":"2025-04-10T21:59:08","guid":{"rendered":"https:\/\/www.europesays.com\/fr\/15942\/"},"modified":"2025-04-10T21:59:08","modified_gmt":"2025-04-10T21:59:08","slug":"les-mains-sales-par-robin-josserand-liberation","status":"publish","type":"post","link":"https:\/\/www.europesays.com\/fr\/15942\/","title":{"rendered":"les mains sales, par Robin Josserand \u2013 Lib\u00e9ration"},"content":{"rendered":"<p class=\"sc-cPiKLX AiZTS text-element\"><b>A l\u2019occasion du Festival du livre de Paris les 11, 12 et 13 avril, nos journalistes c\u00e8dent la place \u00e0 des autrices et auteurs pour cette 18e \u00e9dition du <\/b><b>Lib\u00e9 des \u00e9crivain\u00b7es.<\/b><b> <\/b><a href=\"https:\/\/www.liberation.fr\/dossier\/libe-des-ecrivains\/\" target=\"_blank\" rel=\"noopener\"><b>Retrouvez tous les articles ici.<\/b><\/a><\/p>\n<p class=\"sc-cPiKLX AiZTS text-element\">\u00abIls mettent pied \u00e0 terre, et, joyeux, tous les accueillent avec les mains droites et de douces paroles.\u00bb (l\u2019Illiade) C\u2019est quoi une poign\u00e9e de main ? Si l\u2019usage se d\u00e9mocratise au XIXe si\u00e8cle, il s\u2019agit, dans un premier temps, d\u2019assurer \u00e0 son interlocuteur que l\u2019on vient en paix \u2013 c\u2019est-\u00e0-dire sans arme, sans poignard cach\u00e9 dans la manche. D\u2019\u00e9gal \u00e0 \u00e9gal. On contractualise la paix. Or un agresseur et un agress\u00e9 ne traitent pas d\u2019\u00e9gal \u00e0 \u00e9gal. Fin mars, la joueuse de tennis ukrainienne Marta Kostyuk \u00e9liminait la Russe Anna Blinkova du tournoi de Miami gr\u00e2ce \u00e0 un ace servi \u00e0 la cuill\u00e8re \u2013 humiliation cuisante \u2013 avant de refuser de lui serrer la main. M\u00eame chose pour la sabreuse ukrainienne <a href=\"https:\/\/www.liberation.fr\/sports\/jeux-olympiques\/paris-2024-pour-la-sabreuse-olga-kharlan-des-jeux-au-nom-du-peuple-ukrainien-20240803_OXYTCDCOVBEVLDUXZVPGYCUTVQ\/\" target=\"_blank\" rel=\"noopener\">Olga Kharlan<\/a>, qui avait \u00e9t\u00e9, elle, disqualifi\u00e9e des mondiaux en 2023 pour ce geste. Jusqu\u2019alors, <a href=\"https:\/\/www.liberation.fr\/sports\/jeux-olympiques\/on-sentraine-sous-les-alertes-la-preparation-aux-jo-2024-des-athletes-ukrainiens-bouleversee-par-la-guerre-20240723_ZDZCQYEDLZEJ3PEMNS6TAWNHGY\/\" target=\"_blank\" rel=\"noopener\">un d\u00e9cret du minist\u00e8re des Sports ukrainien<\/a> interdisait \u00e0 ses athl\u00e8tes d\u2019<a href=\"https:\/\/www.liberation.fr\/sports\/jeux-olympiques\/reintegrer-les-sportifs-russes-lukraine-leve-son-boycott-lolympisme-patauge-encore-a-un-an-de-paris-2024-20230727_7RY5AQVY35DE5JKA3PYRLWR6ZQ\/\" target=\"_blank\" rel=\"noopener\">affronter les Russes en comp\u00e9tition<\/a> (c\u2019\u00e9tait avant la mise en place des banni\u00e8res neutres). Et lundi 7 avril, le karat\u00e9ka Yevhenii Melnyk \u2013 13 ans ! \u2013 renon\u00e7ait \u00e0 monter sur le podium \u00e0 c\u00f4t\u00e9 de son adversaire russe au cours d\u2019une comp\u00e9tition en Espagne. \u00abPas de photos avec les terroristes.\u00bb Rappelons qu\u2019en avril 2024, le minist\u00e8re des Affaires \u00e9trang\u00e8res r\u00e9v\u00e9lait que 591 athl\u00e8tes ou entra\u00eeneurs avaient \u00e9t\u00e9 tu\u00e9s au cours du conflit et que 22 \u00e9taient toujours en d\u00e9tention. On le sait, la guerre se fait aussi avec les symboles. Mais ces h\u00e9ros ordinaires ne manipulent pas seulement des symboles. Serrer une main, c\u2019est aussi forcer la paix. Obliger \u00e0 d\u00e9poser les armes. D\u00e9tourner le sens originel du geste pour en faire une r\u00e9v\u00e9rence. Et pour les Russes, ne pas protester, c\u2019est accepter l\u2019invasion et la guerre. Donc avoir les mains sales. Et personne \u2013 comme je comprends ces athl\u00e8tes ; c\u2019est un hypocondriaque qui l\u2019\u00e9crit \u2013 ne souhaite serrer une main sale.<\/p>\n","protected":false},"excerpt":{"rendered":"A l\u2019occasion du Festival du livre de Paris les 11, 12 et 13 avril, nos journalistes c\u00e8dent la&hellip;\n","protected":false},"author":2,"featured_media":15943,"comment_status":"","ping_status":"","sticky":false,"template":"","format":"standard","meta":{"footnotes":""},"categories":[1591],"tags":[11,1946,1887,6344,12,1885,1886,132,220,297],"class_list":{"0":"post-15942","1":"post","2":"type-post","3":"status-publish","4":"format-standard","5":"has-post-thumbnail","7":"category-russie","8":"tag-actualites","9":"tag-escrime","10":"tag-federation-de-russie","11":"tag-libe-des-ecrivains","12":"tag-news","13":"tag-russia","14":"tag-russian-federation","15":"tag-russie","16":"tag-ukraine","17":"tag-ukraine-la-crise"},"share_on_mastodon":{"url":"https:\/\/pubeurope.com\/@fr\/114315916996653994","error":""},"_links":{"self":[{"href":"https:\/\/www.europesays.com\/fr\/wp-json\/wp\/v2\/posts\/15942","targetHints":{"allow":["GET"]}}],"collection":[{"href":"https:\/\/www.europesays.com\/fr\/wp-json\/wp\/v2\/posts"}],"about":[{"href":"https:\/\/www.europesays.com\/fr\/wp-json\/wp\/v2\/types\/post"}],"author":[{"embeddable":true,"href":"https:\/\/www.europesays.com\/fr\/wp-json\/wp\/v2\/users\/2"}],"replies":[{"embeddable":true,"href":"https:\/\/www.europesays.com\/fr\/wp-json\/wp\/v2\/comments?post=15942"}],"version-history":[{"count":0,"href":"https:\/\/www.europesays.com\/fr\/wp-json\/wp\/v2\/posts\/15942\/revisions"}],"wp:featuredmedia":[{"embeddable":true,"href":"https:\/\/www.europesays.com\/fr\/wp-json\/wp\/v2\/media\/15943"}],"wp:attachment":[{"href":"https:\/\/www.europesays.com\/fr\/wp-json\/wp\/v2\/media?parent=15942"}],"wp:term":[{"taxonomy":"category","embeddable":true,"href":"https:\/\/www.europesays.com\/fr\/wp-json\/wp\/v2\/categories?post=15942"},{"taxonomy":"post_tag","embeddable":true,"href":"https:\/\/www.europesays.com\/fr\/wp-json\/wp\/v2\/tags?post=15942"}],"curies":[{"name":"wp","href":"https:\/\/api.w.org\/{rel}","templated":true}]}}