{"id":159421,"date":"2025-06-07T22:01:11","date_gmt":"2025-06-07T22:01:11","guid":{"rendered":"https:\/\/www.europesays.com\/fr\/159421\/"},"modified":"2025-06-07T22:01:11","modified_gmt":"2025-06-07T22:01:11","slug":"montelimar-presences-photographie-1-jour-1-cliche-le-choix-de-bernard-treynet-le-dauphine-libere","status":"publish","type":"post","link":"https:\/\/www.europesays.com\/fr\/159421\/","title":{"rendered":"Mont\u00e9limar. Pr\u00e9sence(s) photographie &#8211; 1 jour, 1 clich\u00e9 : le choix de Bernard Treynet &#8211; Le Dauphin\u00e9 Lib\u00e9r\u00e9"},"content":{"rendered":"<ol>\n<li><a href=\"https:\/\/news.google.com\/rss\/articles\/CBMivwFBVV95cUxPM284OUFyNnVyNmRjVUpaaFNJTEZWbWloUGdDLWVVa0p2Ql9ISnJwZGJBSnhVQW42MFc4cVU3T0h1dVY2VmZNdWtraTdVOHNSY2hjSnlpN1d0STAyOTlQQU1ZWXpUUFFJUEx1dXpWc2o0RnFPdXJIekN5TlNCbjZoVUF1U3VZV19pWUtpNVVSanVwbkJCOUZGY2lzdzNFTXNWZXhZaHdrUHNUdFJ0eHJLT1o3ZWd0dHVpZFo2NmE1QQ?oc=5\" target=\"_blank\" rel=\"noopener\">Mont\u00e9limar. Pr\u00e9sence(s) photographie &#8211; 1 jour, 1 clich\u00e9 : le choix de Bernard Treynet<\/a>&nbsp;&nbsp;Le Dauphin\u00e9 Lib\u00e9r\u00e9<\/li>\n<li><a href=\"https:\/\/news.google.com\/rss\/articles\/CBMivgFBVV95cUxQRnVTcEVXaTc3UnlvWlJGMC1xczFPQWozYTRIeHZIbGM4VXV2X3ZHVFd1ZklVT2I5X0pra0pzNzNZckZUajNKUHA5NGVGRXI2VUpXTWMwaWgwbDJyZl9ydVJFSGVjWUo4ck5mT1UzOWRCcFZLN3BsUnExSE1oX0JHWlh1WDQ4TE5TRjZra3FOUjZtby1vT25WeGRtcTZMMm1UY3V1VTRIbzhfSEl3RmdzTVVNSkhVYjRlVXhlOVBn?oc=5\" target=\"_blank\" rel=\"noopener\">Sebastiao Salgado, l\u2019ombre d\u2019un passeur franco-br\u00e9silien<\/a>&nbsp;&nbsp;Le Monde.fr<\/li>\n<li><a href=\"https:\/\/news.google.com\/rss\/articles\/CBMiigJBVV95cUxOY3ZsVXpkaF9SNVh6YlJpMkdLb1ZKMjhkV2ZVTXZ3NGt2MkRaMWVzaE5tcjBXU1J1VFZnOTE4TmZZZlVndE80ZjFneWNFckctLWU1Z0d3a0lrWWNOYW5KQU1fazVvY2p6Rk04c2dhRHBPUDVJUW1jU1ZzODFobllScU9NYTNlSThEVXJQRDJ5NndVMWlzVlFHdy1POHJKQTRLdkJsclRLamhweVIwUnN3bVY4clhUdGR5blc3a2dBeXF4aFBGdHZBSzEtQ2NEX2p2MUE1MEtaN3dTRkNoT3I2V25sam44Y29GLXdiTXBxS3IwVTMwMlBwSE5oUFAtajQxc1FHVVBsamp2UQ?oc=5\" target=\"_blank\" rel=\"noopener\">Les photographies de Sebasti\u00e3o Salgado, fascin\u00e9 par le vivant et la nature, sont expos\u00e9es \u00e0 Mont\u00e9limar<\/a>&nbsp;&nbsp;France 3 R\u00e9gions<\/li>\n<li><a href=\"https:\/\/news.google.com\/rss\/articles\/CBMimAFBVV95cUxNZVpKd3BtUFBJaEFpeS0zSFJLSUVvZUFiYkVvTm5DQzZsenJGT0w4dzdMWTgwd2lKVEFuanc3d0FfS1ozRDh1Y01CbXB6dnZXaEpQYmVlQkdHTWJMZk9sZ2dYcE9XMDV1cjlVT25ab0JvZDJ4WHJ1RFZULUZmU0pVVVVDRXk2OG1oUXRWM0VpZkxyaUgyMlZzdA?oc=5\" target=\"_blank\" rel=\"noopener\">L\u2019Amazonie que Sebasti\u00e3o Salgado aimait tant est de plus en plus menac\u00e9e<\/a>&nbsp;&nbsp;Basta Media<\/li>\n<li><a href=\"https:\/\/news.google.com\/rss\/articles\/CBMi4AFBVV95cUxORzJuXzc2T1BJTm1uYW1xUzFGMzFGaDJZTmRHZEs4Mldoc3JSQ3BaM2M1Z0x4dG1tQzNzRGg1SVR4YTFrR1JZbnEtazZ4Nk5tamZCd2dJeHJDMGtvejdKTDNGb2l5SG5fclAxRnc2cDNqWjBRMFVhYk1wUTJlU2RCcXI1MkxfU2s4Y0loU2lsT2E2TXdSTWt3ZDBxbi1hVGhZcGwyUVE5NXNBME1nV1JKSEE1U3VfaUpyemNGV3pFazNlZ2NXV1BHSXFJdW1RWWdRSVF3RHhsSlQ3NWRITUM4bw?oc=5\" target=\"_blank\" rel=\"noopener\">Porteur de trisomie 21, le fils de Sebasti\u00e3o Salgado, Rodrigo, expose ses projets de vitraux \u00e0 Reims<\/a>&nbsp;&nbsp;Le Figaro<\/li>\n<\/ol>\n","protected":false},"excerpt":{"rendered":"Mont\u00e9limar. Pr\u00e9sence(s) photographie &#8211; 1 jour, 1 clich\u00e9 : le choix de Bernard Treynet&nbsp;&nbsp;Le Dauphin\u00e9 Lib\u00e9r\u00e9 Sebastiao Salgado,&hellip;\n","protected":false},"author":2,"featured_media":159422,"comment_status":"","ping_status":"","sticky":false,"template":"","format":"standard","meta":{"footnotes":""},"categories":[1358],"tags":[1348,1384,1385,1687,1386,58,2730,6436,59,2271,1011,27,6434,6435],"class_list":{"0":"post-159421","1":"post","2":"type-post","3":"status-publish","4":"format-standard","5":"has-post-thumbnail","7":"category-arts-et-design","8":"tag-arts","9":"tag-arts-and-design","10":"tag-arts-et-design","11":"tag-culture-loisirs","12":"tag-design","13":"tag-divertissement","14":"tag-drome","15":"tag-edition-montelimar-drome-provencale","16":"tag-entertainment","17":"tag-exposition-arts-plastiques","18":"tag-fr","19":"tag-france","20":"tag-montelimar","21":"tag-montelimar-bassin"},"share_on_mastodon":{"url":"https:\/\/pubeurope.com\/@fr\/114644338898351504","error":""},"_links":{"self":[{"href":"https:\/\/www.europesays.com\/fr\/wp-json\/wp\/v2\/posts\/159421","targetHints":{"allow":["GET"]}}],"collection":[{"href":"https:\/\/www.europesays.com\/fr\/wp-json\/wp\/v2\/posts"}],"about":[{"href":"https:\/\/www.europesays.com\/fr\/wp-json\/wp\/v2\/types\/post"}],"author":[{"embeddable":true,"href":"https:\/\/www.europesays.com\/fr\/wp-json\/wp\/v2\/users\/2"}],"replies":[{"embeddable":true,"href":"https:\/\/www.europesays.com\/fr\/wp-json\/wp\/v2\/comments?post=159421"}],"version-history":[{"count":0,"href":"https:\/\/www.europesays.com\/fr\/wp-json\/wp\/v2\/posts\/159421\/revisions"}],"wp:featuredmedia":[{"embeddable":true,"href":"https:\/\/www.europesays.com\/fr\/wp-json\/wp\/v2\/media\/159422"}],"wp:attachment":[{"href":"https:\/\/www.europesays.com\/fr\/wp-json\/wp\/v2\/media?parent=159421"}],"wp:term":[{"taxonomy":"category","embeddable":true,"href":"https:\/\/www.europesays.com\/fr\/wp-json\/wp\/v2\/categories?post=159421"},{"taxonomy":"post_tag","embeddable":true,"href":"https:\/\/www.europesays.com\/fr\/wp-json\/wp\/v2\/tags?post=159421"}],"curies":[{"name":"wp","href":"https:\/\/api.w.org\/{rel}","templated":true}]}}