{"id":159431,"date":"2025-06-07T22:06:26","date_gmt":"2025-06-07T22:06:26","guid":{"rendered":"https:\/\/www.europesays.com\/fr\/159431\/"},"modified":"2025-06-07T22:06:26","modified_gmt":"2025-06-07T22:06:26","slug":"glycemie-voici-le-meilleur-pain-a-manger-au-petit-dejeuner-pour-eviter-les-pics-de-sucre-dans-le-sang-selon-un-medecin","status":"publish","type":"post","link":"https:\/\/www.europesays.com\/fr\/159431\/","title":{"rendered":"Glyc\u00e9mie : voici le meilleur pain \u00e0 manger au petit-d\u00e9jeuner pour \u00e9viter les pics de sucre dans le sang selon un m\u00e9decin"},"content":{"rendered":"<p class=\"post-excerpt\">Pour bien d\u00e9marrer la journ\u00e9e sans faire flamber votre glyc\u00e9mie, un m\u00e9decin partage le pain \u00e0 privil\u00e9gier au petit-d\u00e9jeuner. Spoiler : ce n\u2019est pas la baguette.<\/p>\n<p data-start=\"331\" data-end=\"667\">Ah, le <strong data-start=\"338\" data-end=\"360\">pain au petit-d\u00e9j\u2019<\/strong>, une institution \u00e0 la fran\u00e7aise. Qu\u2019on le tartine de confiture, de beurre sal\u00e9 ou qu\u2019on le trempe dans son caf\u00e9 (ne jugez pas), c\u2019est souvent le premier aliment qu\u2019on avale au r\u00e9veil. Mais attention, tous les pains ne se valent pas quand on veut <strong data-start=\"607\" data-end=\"653\">\u00e9viter les montagnes russes de la glyc\u00e9mie<\/strong> d\u00e8s le matin.<\/p>\n<p data-start=\"669\" data-end=\"999\">Selon le Dr <a href=\"https:\/\/www.aufeminin.com\/sante-femme\/cancer-du-pancreas-le-dr-jimmy-mohamed-est-formel-boire-un-verre-par-jour-de-cette-boisson-augmente-les-risques-s4114325.html\" rel=\"nofollow noopener\" target=\"_blank\">Jimmy Mohamed<\/a>, m\u00e9decin g\u00e9n\u00e9raliste bien connu des auditeurs de RTL, certains pains sont \u00e0 \u00e9viter, surtout si vous \u00eates sujettes \u00e0 des <a href=\"https:\/\/www.aufeminin.com\/manger-equilibre\/digestion-difficile-s4008396.html\" rel=\"nofollow noopener\" target=\"_blank\">troubles digestifs<\/a>, des <a href=\"https:\/\/www.aufeminin.com\/sante-femme\/je-suis-gastro-enterologue-et-voici-pourquoi-cette-habitude-tres-courante-vous-rend-definitivement-plus-ballonne-s4096048.html\" rel=\"nofollow noopener\" target=\"_blank\">ballonnements<\/a> ou une <strong data-start=\"868\" data-end=\"898\">hypersensibilit\u00e9 au gluten<\/strong>. Heureusement, il existe des alternatives \u00e0 la fois saines, rassasiantes et franchement d\u00e9licieuses.<\/p>\n<p> Le pain au levain, la star de la digestion (et de la glyc\u00e9mie) <\/p>\n<p data-start=\"1074\" data-end=\"1548\">\u00ab\u00a0<strong data-start=\"1075\" data-end=\"1129\">Le meilleur pain pour moi, c\u2019est le pain au levain<\/strong>\u00ab\u00a0, affirme sans d\u00e9tour Jimmy Mohamed sur le plateau de RTL. Et pour cause : ce pain, issu d\u2019une fermentation naturelle, est bien plus qu\u2019un simple support \u00e0 tartiner. \u00ab\u00a0On dig\u00e8re mieux, c\u2019est plus rassasiant et c\u2019est aussi mieux tol\u00e9r\u00e9\u00a0\u00bb, poursuit le m\u00e9decin. En plus d\u2019avoir un <strong data-start=\"1388\" data-end=\"1417\">index glyc\u00e9mique plus bas<\/strong> que le pain blanc classique, le levain agit comme un alli\u00e9 de notre sant\u00e9 intestinale gr\u00e2ce \u00e0 sa richesse en <strong data-start=\"1531\" data-end=\"1547\">pr\u00e9biotiques<\/strong>.<\/p>\n<p data-start=\"1550\" data-end=\"1917\">Autre point positif : il convient aussi aux personnes souffrant d\u2019<strong data-start=\"1616\" data-end=\"1646\">hypersensibilit\u00e9 au gluten<\/strong>. Contrairement \u00e0 la baguette industrielle qui peut faire gonfler comme une montgolfi\u00e8re, le pain au levain est souvent <strong data-start=\"1766\" data-end=\"1800\">mieux assimil\u00e9 par l\u2019organisme<\/strong>. Et il cale vraiment, ce qui \u00e9vite le coup de barre \u00e0 10h du matin et l\u2019appel du distributeur de barres chocolat\u00e9es.<\/p>\n<p data-start=\"1550\" data-end=\"1917\"><img loading=\"lazy\" itemprop=\"thumbnailUrl\" decoding=\"async\" class=\"alignnone wp-image-2595882 img-responsive  size-full pinit-here\" src=\"https:\/\/www.europesays.com\/fr\/wp-content\/uploads\/2025\/06\/shutterstock_2486926211-1.jpg\" alt=\"\" width=\"1780\" height=\"1780\" data-pin-media=\"https:\/\/sf2.afcdn.com\/wp-content\/uploads\/aufeminin\/2025\/06\/shutterstock_2486926211-1-736x736.jpg\"\/> \u00a9  Wirestock Creators<\/p>\n<p> Petit \u00e9peautre, sarrasin, quinoa\u2026 les outsiders \u00e0 conna\u00eetre <\/p>\n<p data-start=\"1989\" data-end=\"2416\">Pour varier les plaisirs sans exploser sa glyc\u00e9mie, <strong data-start=\"2041\" data-end=\"2081\">d\u2019autres pains gagnent \u00e0 \u00eatre connus<\/strong>. \u00c0 commencer par le <strong data-start=\"2102\" data-end=\"2128\">pain au petit \u00e9peautre<\/strong>. \u00ab\u00a0Il ne contient que 7% de gluten alors que le pain blanc classique, c\u2019est entre 10 et 20%\u00a0\u00bb, rappelle Jimmy Mohamed. R\u00e9sultat : <strong data-start=\"2257\" data-end=\"2288\">moins de troubles digestifs<\/strong>, mais toujours une texture agr\u00e9able et un go\u00fbt rustique qu\u2019on adore. Bonus : il aide aussi \u00e0 <strong data-start=\"2382\" data-end=\"2415\">r\u00e9guler le sucre dans le sang<\/strong>.<\/p>\n<p data-start=\"2418\" data-end=\"3112\">Autre chouchou du sp\u00e9cialiste : le <strong data-start=\"2453\" data-end=\"2473\">pain au sarrasin<\/strong>, \u00ab\u00a0plus riche en fibres avec un index glyc\u00e9mique un peu plus faible\u00a0\u00bb, selon ses mots. Et pour celles qui veulent carr\u00e9ment dire adieu au gluten, pensez au <strong data-start=\"2628\" data-end=\"2638\">quinoa<\/strong> ! Certes, on le conna\u00eet plus souvent dans nos salades que dans nos miches, mais il m\u00e9rite clairement une place \u00e0 table. Naturellement sans gluten, bourr\u00e9 de <strong data-start=\"2796\" data-end=\"2844\">prot\u00e9ines, fibres, min\u00e9raux et acides amin\u00e9s<\/strong>, il coche toutes les cases d\u2019un superaliment. \u00ab\u00a0Le quinoa agit aussi sur les taux de glucose, d\u2019insuline et de cholest\u00e9rol\u00a0\u00bb, note le m\u00e9decin. Bref, <strong data-start=\"2992\" data-end=\"3012\">un alli\u00e9 complet<\/strong>, que vous soyez veggie, sensible au gluten ou juste en qu\u00eate d\u2019un petit-d\u00e9j\u2019 qui vous veut du bien.<\/p>\n","protected":false},"excerpt":{"rendered":"Pour bien d\u00e9marrer la journ\u00e9e sans faire flamber votre glyc\u00e9mie, un m\u00e9decin partage le pain \u00e0 privil\u00e9gier au&hellip;\n","protected":false},"author":2,"featured_media":159432,"comment_status":"","ping_status":"","sticky":false,"template":"","format":"standard","meta":{"footnotes":""},"categories":[10],"tags":[1111,902,1011,27,29051,72,29052,71],"class_list":{"0":"post-159431","1":"post","2":"type-post","3":"status-publish","4":"format-standard","5":"has-post-thumbnail","7":"category-sante","8":"tag-actu","9":"tag-cuisine","10":"tag-fr","11":"tag-france","12":"tag-glycemie","13":"tag-health","14":"tag-nutritionnistes","15":"tag-sante"},"share_on_mastodon":{"url":"https:\/\/pubeurope.com\/@fr\/114644358708591190","error":""},"_links":{"self":[{"href":"https:\/\/www.europesays.com\/fr\/wp-json\/wp\/v2\/posts\/159431","targetHints":{"allow":["GET"]}}],"collection":[{"href":"https:\/\/www.europesays.com\/fr\/wp-json\/wp\/v2\/posts"}],"about":[{"href":"https:\/\/www.europesays.com\/fr\/wp-json\/wp\/v2\/types\/post"}],"author":[{"embeddable":true,"href":"https:\/\/www.europesays.com\/fr\/wp-json\/wp\/v2\/users\/2"}],"replies":[{"embeddable":true,"href":"https:\/\/www.europesays.com\/fr\/wp-json\/wp\/v2\/comments?post=159431"}],"version-history":[{"count":0,"href":"https:\/\/www.europesays.com\/fr\/wp-json\/wp\/v2\/posts\/159431\/revisions"}],"wp:featuredmedia":[{"embeddable":true,"href":"https:\/\/www.europesays.com\/fr\/wp-json\/wp\/v2\/media\/159432"}],"wp:attachment":[{"href":"https:\/\/www.europesays.com\/fr\/wp-json\/wp\/v2\/media?parent=159431"}],"wp:term":[{"taxonomy":"category","embeddable":true,"href":"https:\/\/www.europesays.com\/fr\/wp-json\/wp\/v2\/categories?post=159431"},{"taxonomy":"post_tag","embeddable":true,"href":"https:\/\/www.europesays.com\/fr\/wp-json\/wp\/v2\/tags?post=159431"}],"curies":[{"name":"wp","href":"https:\/\/api.w.org\/{rel}","templated":true}]}}