{"id":159439,"date":"2025-06-07T22:10:11","date_gmt":"2025-06-07T22:10:11","guid":{"rendered":"https:\/\/www.europesays.com\/fr\/159439\/"},"modified":"2025-06-07T22:10:11","modified_gmt":"2025-06-07T22:10:11","slug":"emmanuel-macron-appelle-a-maintenir-le-cap-sur-lecologie-apres-la-suspension-de-maprimerenov","status":"publish","type":"post","link":"https:\/\/www.europesays.com\/fr\/159439\/","title":{"rendered":"Emmanuel Macron appelle \u00e0 \u00abmaintenir\u00bb le cap sur l\u2019\u00e9cologie apr\u00e8s la suspension de MaPrimeRenov\u2019"},"content":{"rendered":"<p>Le gouvernement a annonc\u00e9 cette semaine la fermeture \u00abd\u2019ici le 1er juillet\u00bb du guichet de d\u00e9p\u00f4t des dossiers de demande d\u2019aide pour les r\u00e9novations \u00e9nerg\u00e9tiques globales et les travaux d\u2019isolation et de remplacement de chaudi\u00e8re ponctuels.<\/p>\n<p class=\"fig-paragraph\">Emmanuel Macron a exhort\u00e9 samedi le gouvernement \u00e0 \u00abmaintenir\u00bb le cap sur l&rsquo;\u00e9cologie, \u00e9pinglant dans une interview \u00e0 la presse quotidienne r\u00e9gionale les \u00abincertitudes sur les dispositifs mis en place\u00bb apr\u00e8s la suspension cette semaine des aides \u00e0 la r\u00e9novation \u00e9nerg\u00e9tique\u00a0<a href=\"http:\/\/www.lefigaro.fr\/conso\/maprimerenov-le-ministre-de-l-economie-confirme-sa-suspension-mais-espere-le-retablir-d-ici-la-fin-de-l-annee-20250604\" data-fig-type=\"NewsFlash\" data-gtm-custom-categorie=\"navigation\" data-gtm-custom-action=\"crossclick\" data-gtm-custom-label=\"Contextuel\" data-gtm-event=\"customEventSPE\" data-fig-domain=\"LEFIGARO\" target=\"_blank\" rel=\"noopener\">MaPrimeRenov&rsquo;<\/a>. \u00abJ&rsquo;attends des acteurs et du gouvernement qu&rsquo;on maintienne cette politique, je ne suis pas content de ce que j&rsquo;ai pu voir ces derniers jours\u00bb, a d\u00e9clar\u00e9 le chef de l&rsquo;\u00c9tat \u00e0 quelques titres, dont Ouest-France et Le Parisien-Aujourd&rsquo;hui en France. \u00abCe n&rsquo;est pas le moment de cr\u00e9er des incertitudes sur les dispositifs mis en place\u00bb, a-t-il insist\u00e9.<\/p>\n<p class=\"fig-paragraph\">Le\u00a0<a href=\"http:\/\/www.lefigaro.fr\/societes\/suspension-de-maprimerenov-fin-du-pinel-les-incoherences-de-la-politique-du-gouvernement-dans-le-batiment-20250606\" data-fig-type=\"Article\" data-gtm-custom-categorie=\"navigation\" data-gtm-custom-action=\"crossclick\" data-gtm-custom-label=\"Contextuel\" data-gtm-event=\"customEventSPE\" data-fig-domain=\"LEFIGARO\" target=\"_blank\" rel=\"noopener\">gouvernement a annonc\u00e9<\/a>\u00a0cette semaine la fermeture \u00abd&rsquo;ici le 1er juillet\u00bb du guichet de d\u00e9p\u00f4t des dossiers de demande d&rsquo;aide MaPrimeR\u00e9nov&rsquo; pour les r\u00e9novations \u00e9nerg\u00e9tiques globales et les travaux d&rsquo;isolation et de remplacement de chaudi\u00e8re ponctuels.<\/p>\n<p>\u00abExc\u00e8s des fraudes\u00bb<\/p>\n<p class=\"fig-paragraph\">La ministre du Logement, Val\u00e9rie L\u00e9tard, a \u00e9galement indiqu\u00e9 vouloir \u00abchanger les r\u00e8gles\u00bb du dispositif applicable, \u00e0 l&rsquo;issue de la suspension qui devrait prendre fin d&rsquo;ici fin septembre. Cette pause est motiv\u00e9e par \u00abun encombrement (de nouvelles demandes, NDLR) en ce moment et un exc\u00e8s des fraudes\u00bb, selon \u00c9ric Lombard, ministre de l&rsquo;\u00c9conomie, qui \u00e9value \u00e0 \u00ab16.000\u00bb le nombre de \u00abdossiers suspicieux\u00bb, soit \u00ab12% du stock\u00bb.<\/p>\n<p class=\"fig-paragraph\">Apr\u00e8s avoir d\u00e9j\u00e0 d\u00e9fendu cette semaine lors d&rsquo;un d\u00e9placement dans le Nord son bilan en mati\u00e8re \u00e9cologique, Emmanuel Macron a r\u00e9it\u00e9r\u00e9 samedi en se posant en \u00abvigie\u00bb, \u00e0 la veille de l&rsquo;ouverture de la troisi\u00e8me conf\u00e9rence de l&rsquo;ONU (Unoc 3) sur les oc\u00e9ans \u00e0 Nice. \u00abJe ne veux pas que ni le gouvernement, ni le Parlement ne c\u00e8dent aux facilit\u00e9s du moment\u00bb, a-t-il insist\u00e9, vitup\u00e9rant ceux qui \u00abvoudraient faire oublier le combat pour le climat\u00bb et \u00abpr\u00e9f\u00e8rent, pendant ce temps-l\u00e0, \u201cbrainwasher\u201d (op\u00e9rer un lavage de cerveau, NDLR) sur l&rsquo;invasion du pays et les derniers faits divers\u00bb.<\/p>\n<p>Consigne du plastique<\/p>\n<p class=\"fig-paragraph\">Emmanuel Macron a \u00e9galement appel\u00e9 le gouvernement \u00e0 \u00abcontinuer le combat sur la consigne\u00bb du\u00a0<a href=\"http:\/\/www.lefigaro.fr\/nantes\/pollution-plastique-peche-illegale-francois-bayrou-presidera-lundi-un-comite-interministeriel-de-la-mer-a-saint-nazaire-20250523\" data-fig-type=\"NewsFlash\" data-gtm-custom-categorie=\"navigation\" data-gtm-custom-action=\"crossclick\" data-gtm-custom-label=\"Contextuel\" data-gtm-event=\"customEventSPE\" data-fig-domain=\"LEFIGARO\" target=\"_blank\" rel=\"noopener\">plastique<\/a>, mis entre parenth\u00e8ses en 2023 apr\u00e8s plusieurs ann\u00e9es d&rsquo;h\u00e9sitations sur son application et face \u00e0 l&rsquo;hostilit\u00e9 des collectivit\u00e9s. Mais ce dispositif est \u00ababsolument cl\u00e9\u00bb, a fait valoir le chef de l&rsquo;\u00c9tat.<\/p>\n<p class=\"fig-paragraph\">La p\u00e9riode est noire pour les d\u00e9fenseurs de l&rsquo;\u00e9cologie en France. Reprise du chantier de l&rsquo;A69, fin des zones \u00e0 faibles \u00e9missions (ZFE), qui restreignent la circulation des v\u00e9hicules tr\u00e8s polluants, retour envisag\u00e9 \u00e0 l&rsquo;usage de pesticides dangereux, r\u00e9vision significative du \u00abz\u00e9ro artificialisation nette\u00bb (ZAN)&#8230; Le Parlement a ent\u00e9rin\u00e9 ou encourag\u00e9 le d\u00e9tricotage de toute une part du bilan environnemental du premier quinquennat d&rsquo;Emmanuel Macron.<\/p>\n","protected":false},"excerpt":{"rendered":"Le gouvernement a annonc\u00e9 cette semaine la fermeture \u00abd\u2019ici le 1er juillet\u00bb du guichet de d\u00e9p\u00f4t des dossiers&hellip;\n","protected":false},"author":2,"featured_media":159440,"comment_status":"","ping_status":"","sticky":false,"template":"","format":"standard","meta":{"footnotes":""},"categories":[6],"tags":[35,426,427,422,423,51,33,34,1073,1011,27,418,424,425,420,421,419,316,429,428],"class_list":{"0":"post-159439","1":"post","2":"type-post","3":"status-publish","4":"format-standard","5":"has-post-thumbnail","7":"category-economie","8":"tag-business","9":"tag-candidat","10":"tag-candidats","11":"tag-depute","12":"tag-deputes","13":"tag-ecologie","14":"tag-economie","15":"tag-economy","16":"tag-emmanuel-macron","17":"tag-fr","18":"tag-france","19":"tag-gouvernement","20":"tag-institution","21":"tag-institutions","22":"tag-loi","23":"tag-lois","24":"tag-opposition","25":"tag-politique","26":"tag-ps","27":"tag-ump"},"share_on_mastodon":{"url":"https:\/\/pubeurope.com\/@fr\/114644374219079150","error":""},"_links":{"self":[{"href":"https:\/\/www.europesays.com\/fr\/wp-json\/wp\/v2\/posts\/159439","targetHints":{"allow":["GET"]}}],"collection":[{"href":"https:\/\/www.europesays.com\/fr\/wp-json\/wp\/v2\/posts"}],"about":[{"href":"https:\/\/www.europesays.com\/fr\/wp-json\/wp\/v2\/types\/post"}],"author":[{"embeddable":true,"href":"https:\/\/www.europesays.com\/fr\/wp-json\/wp\/v2\/users\/2"}],"replies":[{"embeddable":true,"href":"https:\/\/www.europesays.com\/fr\/wp-json\/wp\/v2\/comments?post=159439"}],"version-history":[{"count":0,"href":"https:\/\/www.europesays.com\/fr\/wp-json\/wp\/v2\/posts\/159439\/revisions"}],"wp:featuredmedia":[{"embeddable":true,"href":"https:\/\/www.europesays.com\/fr\/wp-json\/wp\/v2\/media\/159440"}],"wp:attachment":[{"href":"https:\/\/www.europesays.com\/fr\/wp-json\/wp\/v2\/media?parent=159439"}],"wp:term":[{"taxonomy":"category","embeddable":true,"href":"https:\/\/www.europesays.com\/fr\/wp-json\/wp\/v2\/categories?post=159439"},{"taxonomy":"post_tag","embeddable":true,"href":"https:\/\/www.europesays.com\/fr\/wp-json\/wp\/v2\/tags?post=159439"}],"curies":[{"name":"wp","href":"https:\/\/api.w.org\/{rel}","templated":true}]}}