{"id":159441,"date":"2025-06-07T22:11:13","date_gmt":"2025-06-07T22:11:13","guid":{"rendered":"https:\/\/www.europesays.com\/fr\/159441\/"},"modified":"2025-06-07T22:11:13","modified_gmt":"2025-06-07T22:11:13","slug":"les-allies-de-lotan-acceptent-daugmenter-de-5-leurs-depenses-de-defense","status":"publish","type":"post","link":"https:\/\/www.europesays.com\/fr\/159441\/","title":{"rendered":"Les alli\u00e9s de l&rsquo;OTAN acceptent d&rsquo;augmenter de 5% leurs d\u00e9penses de d\u00e9fense"},"content":{"rendered":"<p>\n                    Publi\u00e9 le                 07\/06\/2025 &#8211; 15:15 UTC+2\u2022Mis \u00e0 jour<br \/>\n                                     15:41<\/p>\n<p><img decoding=\"async\" class=\"c-ad__placeholder__logo\" src=\"https:\/\/www.europesays.com\/fr\/wp-content\/uploads\/2025\/03\/logo-euronews-grey-6-180x22.svg.svg+xml\" width=\"180\" height=\"22\" alt=\"\" loading=\"lazy\"\/>PUBLICIT\u00c9<\/p>\n<p>L&rsquo;administration am\u00e9ricaine a nomm\u00e9 le lieutenant-g\u00e9n\u00e9ral Alexus Grynkewich comme prochain g\u00e9n\u00e9ral am\u00e9ricain en Europe et comme commandant supr\u00eame des forces alli\u00e9es en Europe (SACEUR).<\/p>\n<p>Cette nomination par Donald Trump sera particuli\u00e8rement bien accueillie apr\u00e8s que les m\u00e9dias ont rapport\u00e9 ces derniers mois que les \u00c9tats-Unis envisageaient de <strong>renoncer au r\u00f4le de SACEUR<\/strong>, qui a toujours \u00e9t\u00e9 nomm\u00e9 par un pr\u00e9sident am\u00e9ricain au sein de l&rsquo;OTAN.<\/p>\n<p>\u00ab\u00a0C&rsquo;est une d\u00e9cision tr\u00e8s importante et l&rsquo;OTAN est soulag\u00e9e, car c&rsquo;est un signe positif de l&rsquo;engagement et de la dotation en personnel des \u00c9tats-Unis \u00ab\u00a0, a d\u00e9clar\u00e9 \u00e0 Euronews une source bas\u00e9e aux \u00c9tats-Unis qui conna\u00eet bien le dossier.<\/p>\n<p>Le g\u00e9n\u00e9ral Dwight D. Eisenhower a \u00e9t\u00e9 le premier SACEUR de l&rsquo;OTAN en <strong>1951,<\/strong> et les Etats-Unis ont conserv\u00e9 cette fonction depuis lors.<\/p>\n<p>\u00ab\u00a0A l&rsquo;issue des processus nationaux de confirmation, le lieutenant-g\u00e9n\u00e9ral Grynkewich prendra ses fonctions en tant que successeur du g\u00e9n\u00e9ral Christopher G. Cavoli, de l&rsquo;arm\u00e9e am\u00e9ricaine, lors d&rsquo;une c\u00e9r\u00e9monie de passation de commandement au Grand quartier g\u00e9n\u00e9ral des puissances alli\u00e9es en Europe, \u00e0 Mons (Belgique), qui devrait avoir lieu au cours de l&rsquo;\u00e9t\u00e9 2025\u00a0\u00bb, peut-on lire dans une d\u00e9claration de l&rsquo;OTAN.<\/p>\n<p>Adoption de nouveaux objectifs en mati\u00e8re de d\u00e9penses de d\u00e9fense<\/p>\n<p>Entre-temps, les ministres de la D\u00e9fense de l&rsquo;OTAN se sont mis d&rsquo;accord sur une <strong>augmentation significative des objectifs<\/strong> en mati\u00e8re de capacit\u00e9s de d\u00e9fense pour chaque pays, ainsi que sur l&rsquo;objectif de consacrer 5 % du PIB \u00e0 la d\u00e9fense.<\/p>\n<p>Ils ont d\u00e9cid\u00e9 que 3,5 % du PIB seraient consacr\u00e9s aux \u00ab\u00a0d\u00e9penses de d\u00e9fense essentielles\u00a0\u00bb, telles que les <strong>armes lourdes, les chars et la d\u00e9fense a\u00e9rienne<\/strong>. Par ailleurs, 1,5 % du PIB par an sera consacr\u00e9 \u00e0 des domaines li\u00e9s \u00e0 la d\u00e9fense et \u00e0 la s\u00e9curit\u00e9, tels que les infrastructures, la surveillance et la cybern\u00e9tique. Toutefois, la liste compl\u00e8te de la flexibilit\u00e9 n&rsquo;a pas encore \u00e9t\u00e9 n\u00e9goci\u00e9e.<\/p>\n<p>\u00ab\u00a0Ces objectifs d\u00e9crivent exactement les comp\u00e9tences dans lesquelles les Alli\u00e9s doivent investir au cours des prochaines ann\u00e9es\u00a0\u00bb, a d\u00e9clar\u00e9 le secr\u00e9taire g\u00e9n\u00e9ral de l&rsquo;OTAN, Mark Rutte, aux journalistes.<\/p>\n<p>Les \u00c9tats-Unis ont fait <strong>pression sur les alli\u00e9s de l&rsquo;OTAN<\/strong> pour qu&rsquo;ils augmentent consid\u00e9rablement leurs d\u00e9penses et s&rsquo;attendent \u00e0 voir des \u00ab\u00a0progr\u00e8s cr\u00e9dibles\u00a0\u00bb imm\u00e9diatement, selon l&rsquo;ambassadeur am\u00e9ricain aupr\u00e8s de l&rsquo;OTAN Mathew Whitaker.<\/p>\n<p>\u00ab\u00a0Les menaces auxquelles l&rsquo;OTAN est confront\u00e9e augmentent et nos adversaires n&rsquo;attendent certainement pas que nous nous r\u00e9armions ou que nous soyons pr\u00eats \u00e0 faire le premier pas,\u00a0\u00bb a ajout\u00e9 Mathew Whitaker lors d&rsquo;un briefing en marge des r\u00e9unions.\u00a0\u00bbNous pr\u00e9f\u00e9rerions que nos alli\u00e9s agissent d&rsquo;urgence d\u00e8s qu&rsquo;ils auront atteint les 5 %.\u00a0\u00bb<\/p>\n<p>L&rsquo;ambassadeur Whitaker a \u00e9galement d\u00e9clar\u00e9 que les \u00c9tats-Unis \u00ab\u00a0comptaient sur l&rsquo;Europe\u00a0\u00bb pour prendre l&rsquo;initiative de fournir \u00e0 l&rsquo;Ukraine les \u00ab\u00a0ressources n\u00e9cessaires pour parvenir \u00e0 une paix durable\u00a0\u00bb sur le continent.<\/p>\n<p>Mark Rutte a r\u00e9it\u00e9r\u00e9 les r\u00e9cents avertissements de l&rsquo;OTAN selon lesquels la Russie pourrait frapper le territoire de l&rsquo;OTAN au cours des deux prochaines ann\u00e9es. \u00ab\u00a0Si nous n&rsquo;agissons pas maintenant, dans les trois prochaines ann\u00e9es, tout ira bien, mais nous devons commencer maintenant, car sinon, dans trois, quatre ou cinq ans, nous serons vraiment menac\u00e9s\u00a0\u00bb, a-t-il d\u00e9clar\u00e9, ajoutant : \u00ab\u00a0Je le pense vraiment. Dans ce cas, il faudra sortir son cours de russe ou aller en Nouvelle-Z\u00e9lande\u00a0\u00bb.<\/p>\n<p>\u00ab\u00a0C&rsquo;est bien d&rsquo;avoir une continuit\u00e9 avec les \u00c9tats-Unis dans l&rsquo;OTAN, mais avec l&rsquo;Ukraine, c&rsquo;est une autre histoire. Je ne pense pas que Trump se soucie vraiment de l&rsquo;Ukraine\u00a0\u00bb, a d\u00e9clar\u00e9 la source am\u00e9ricaine \u00e0 Euronews.<\/p>\n<p>\u00ab\u00a0Donald Trump ne se soucie tout simplement pas de l&rsquo;Europe &#8211; elle ne le rend pas plus riche et ne l&rsquo;aide pas politiquement \u00ab\u00a0, a d\u00e9clar\u00e9 la source.<\/p>\n<p>Faisant r\u00e9f\u00e9rence au prochain sommet de l&rsquo;OTAN qui aura lieu le mois prochain \u00e0 La Haye, la source a d\u00e9clar\u00e9 que la pr\u00e9sence de l&rsquo;Ukraine au sommet \u00ab\u00a0sera probablement r\u00e9duite\u00a0\u00bb, car les \u00c9tats-Unis diront :\u00a0\u00bb\u00a0\u00bbIls ne sont pas membres\u00a0\u00bb, donc ils n&rsquo;ont pas besoin d&rsquo;\u00eatre l\u00e0\u00a0\u00bb.<\/p>\n","protected":false},"excerpt":{"rendered":"Publi\u00e9 le 07\/06\/2025 &#8211; 15:15 UTC+2\u2022Mis \u00e0 jour 15:41 PUBLICIT\u00c9 L&rsquo;administration am\u00e9ricaine a nomm\u00e9 le lieutenant-g\u00e9n\u00e9ral Alexus Grynkewich&hellip;\n","protected":false},"author":2,"featured_media":159442,"comment_status":"","ping_status":"","sticky":false,"template":"","format":"standard","meta":{"footnotes":""},"categories":[5],"tags":[11,554,75,1011,27,14,2287,12,136,132,220,28],"class_list":{"0":"post-159441","1":"post","2":"type-post","3":"status-publish","4":"format-standard","5":"has-post-thumbnail","7":"category-international","8":"tag-actualites","9":"tag-defense","10":"tag-donald-trump","11":"tag-fr","12":"tag-france","13":"tag-international","14":"tag-mark-rutte","15":"tag-news","16":"tag-otan","17":"tag-russie","18":"tag-ukraine","19":"tag-world"},"share_on_mastodon":{"url":"https:\/\/pubeurope.com\/@fr\/114644378251814534","error":""},"_links":{"self":[{"href":"https:\/\/www.europesays.com\/fr\/wp-json\/wp\/v2\/posts\/159441","targetHints":{"allow":["GET"]}}],"collection":[{"href":"https:\/\/www.europesays.com\/fr\/wp-json\/wp\/v2\/posts"}],"about":[{"href":"https:\/\/www.europesays.com\/fr\/wp-json\/wp\/v2\/types\/post"}],"author":[{"embeddable":true,"href":"https:\/\/www.europesays.com\/fr\/wp-json\/wp\/v2\/users\/2"}],"replies":[{"embeddable":true,"href":"https:\/\/www.europesays.com\/fr\/wp-json\/wp\/v2\/comments?post=159441"}],"version-history":[{"count":0,"href":"https:\/\/www.europesays.com\/fr\/wp-json\/wp\/v2\/posts\/159441\/revisions"}],"wp:featuredmedia":[{"embeddable":true,"href":"https:\/\/www.europesays.com\/fr\/wp-json\/wp\/v2\/media\/159442"}],"wp:attachment":[{"href":"https:\/\/www.europesays.com\/fr\/wp-json\/wp\/v2\/media?parent=159441"}],"wp:term":[{"taxonomy":"category","embeddable":true,"href":"https:\/\/www.europesays.com\/fr\/wp-json\/wp\/v2\/categories?post=159441"},{"taxonomy":"post_tag","embeddable":true,"href":"https:\/\/www.europesays.com\/fr\/wp-json\/wp\/v2\/tags?post=159441"}],"curies":[{"name":"wp","href":"https:\/\/api.w.org\/{rel}","templated":true}]}}