{"id":159443,"date":"2025-06-07T22:12:12","date_gmt":"2025-06-07T22:12:12","guid":{"rendered":"https:\/\/www.europesays.com\/fr\/159443\/"},"modified":"2025-06-07T22:12:12","modified_gmt":"2025-06-07T22:12:12","slug":"une-institutrice-condamnee-pour-avoir-violente-une-eleve-suspendue-un-an","status":"publish","type":"post","link":"https:\/\/www.europesays.com\/fr\/159443\/","title":{"rendered":"Une institutrice, condamn\u00e9e pour avoir violent\u00e9 une \u00e9l\u00e8ve, suspendue un an"},"content":{"rendered":"<p>        <img decoding=\"async\" loading=\"lazy\" src=\"https:\/\/www.europesays.com\/fr\/wp-content\/uploads\/2025\/06\/85586d2_1726033060250-screenshot-2024-09-11-07-37-07.png\"  width=\"728\" height=\"410\" alt=\"La professeure, accus\u00e9e d\u2019avoir frapp\u00e9 une fillette \u00e0 Paris, a \u00e9t\u00e9 suspendue un an. (Photo\u00a0: \u00e9cole polyvalente des Fr\u00e8res Voisin, dans le 15e.)\"\/>  <\/p>\n<p>Acad\u00e9mie de Paris<\/p>\n<p>La professeure, accus\u00e9e d\u2019avoir frapp\u00e9 une fillette \u00e0 Paris, a \u00e9t\u00e9 suspendue un an. (Photo\u00a0: \u00e9cole polyvalente des Fr\u00e8res Voisin, dans le 15e.)<\/p>\n<p class=\"asset asset-text\">FAITS-DIVERS &#8211; L\u2019affaire a particuli\u00e8rement choqu\u00e9. L\u2019institutrice qui avait \u00e9t\u00e9 condamn\u00e9e en f\u00e9vrier dernier \u00e0 une amende <a href=\"https:\/\/www.huffingtonpost.fr\/faits-divers\/article\/la-professeure-qui-a-frappe-une-fillette-de-3-ans-a-ete-suspendue-selon-la-ministre-de-l-education_239410.html\" target=\"_blank\" rel=\"noopener\">pour avoir violent\u00e9 une enfant de 3\u00a0ans <\/a>en classe \u00e0 Paris apr\u00e8s avoir perdu son \u00ab\u00a0sang-froid\u00a0\u00bb, a \u00e9t\u00e9 suspendue un an par<a href=\"https:\/\/www.huffingtonpost.fr\/france\/article\/le-recteur-de-paris-christophe-kerrero-demissionne-face-au-projet-controverse-de-reforme-des-classes-prepa_229228.html\" target=\"_blank\" rel=\"noopener\"> le rectorat<\/a>, a-t-on appris ce samedi 7\u00a0juin aupr\u00e8s de son avocat.<\/p>\n<p class=\"asset asset-text\">\u00ab\u00a0Cette sanction est extr\u00eamement lourde et disproportionn\u00e9e\u00a0\u00bb, a r\u00e9agi l\u2019avocat de l\u2019enseignante \u00e2g\u00e9e de 52\u00a0ans, Me Laurent Hazan, joint par l\u2019AFP, confirmant une information du <a href=\"https:\/\/www.leparisien.fr\/societe\/paris-un-an-de-suspension-pour-lenseignante-qui-avait-frappe-une-eleve-de-maternelle-07-06-2025-KY3GGTIW2JDNJGNP7N4WQMYN6U.php\" target=\"_blank\" rel=\"noopener\" title=\"Nouvelle fen\u00eatre\">Parisien<\/a>. Cette mesure s\u2019accompagne d\u2019une suspension de salaire.<\/p>\n<p class=\"asset asset-text\">Sa cliente, qui a re\u00e7u d\u00e9but mai une sanction administrative de deux ans de suspension, dont un avec sursis, sans traitement, a d\u00e9pos\u00e9 un recours \u00ab\u00a0gracieux et hi\u00e9rarchique\u00a0\u00bb aupr\u00e8s du rectorat et de la tutelle de ce dernier, le minist\u00e8re de l\u2019\u00c9ducation nationale.<\/p>\n<p class=\"asset asset-text\">\u00ab\u00a0Nous esp\u00e9rons que la dur\u00e9e de cette suspension sans salaire soit r\u00e9duite. En cas d\u2019\u00e9chec, ce que nous n\u2019esp\u00e9rons pas, nous saisirons le tribunal administratif\u00a0\u00bb, a indiqu\u00e9 l\u2019avocat. \u00ab\u00a0Cette sanction va \u00e0 l\u2019encontre de l\u2019enqu\u00eate interne qui pr\u00e9conisait la cl\u00e9mence et un accompagnement\u00a0\u00bb, a relev\u00e9 Me Hazan, d\u00e9fendant le parcours \u00ab\u00a0sans aucune difficult\u00e9\u00a0\u00bb de l\u2019enseignante au cours de ses 30\u00a0ans de carri\u00e8re.<\/p>\n<p>                     3\u00a0000\u00a0euros d\u2019amende    <\/p>\n<p class=\"asset asset-text\">Suspendue \u00e0 titre provisoire depuis les faits, survenus au lendemain de la rentr\u00e9e, l\u2019enseignante n\u2019a pas exerc\u00e9 depuis.<\/p>\n<p class=\"asset asset-text\">Contact\u00e9 ce samedi par l\u2019AFP, le rectorat n\u2019a pas r\u00e9pondu.<\/p>\n<p class=\"asset asset-text\">Le 3\u00a0septembre\u00a02024, elle avait \u00e9t\u00e9 film\u00e9e par une m\u00e8re d\u2019\u00e9l\u00e8ve en train d\u2019ass\u00e9ner un violent coup au niveau du dos \u00e0 une petite fille en larmes, dans l\u2019\u00e9cole maternelle des Fr\u00e8res Voisin situ\u00e9e dans le 15e arrondissement de Paris. Cette sc\u00e8ne s\u2019\u00e9tait d\u00e9roul\u00e9e au lendemain d\u2019une rentr\u00e9e difficile pour cette classe de petite section de maternelle o\u00f9 \u00e9taient accueillis 29 \u00e9l\u00e8ves, certains atteints de handicap.<\/p>\n<p class=\"asset asset-text\">Le 21\u00a0f\u00e9vrier, le tribunal correctionnel de Paris avait condamn\u00e9 la quinquag\u00e9naire \u00e0 3\u00a0000\u00a0euros d\u2019amende, dont la moiti\u00e9 avec sursis et d\u00e9cid\u00e9 de ne pas inscrire cette condamnation \u00e0 son casier judiciaire. Les juges avaient alors tenu compte de \u00ab\u00a0l\u2019intensit\u00e9 du coup port\u00e9\u00a0\u00bb, ainsi que du contexte de \u00ab\u00a0forte pression\u00a0\u00bb pesant sur l\u2019institutrice, et du fait qu\u2019il s\u2019agissait d\u2019un \u00ab\u00a0fait isol\u00e9\u00a0\u00bb.<\/p>\n","protected":false},"excerpt":{"rendered":"Acad\u00e9mie de Paris La professeure, accus\u00e9e d\u2019avoir frapp\u00e9 une fillette \u00e0 Paris, a \u00e9t\u00e9 suspendue un an. (Photo\u00a0:&hellip;\n","protected":false},"author":2,"featured_media":159444,"comment_status":"","ping_status":"","sticky":false,"template":"","format":"standard","meta":{"footnotes":""},"categories":[4],"tags":[11,1122,118,1011,27,12,25],"class_list":{"0":"post-159443","1":"post","2":"type-post","3":"status-publish","4":"format-standard","5":"has-post-thumbnail","7":"category-france","8":"tag-actualites","9":"tag-ecole","10":"tag-faits-divers","11":"tag-fr","12":"tag-france","13":"tag-news","14":"tag-republique-francaise"},"share_on_mastodon":{"url":"https:\/\/pubeurope.com\/@fr\/114644382262475192","error":""},"_links":{"self":[{"href":"https:\/\/www.europesays.com\/fr\/wp-json\/wp\/v2\/posts\/159443","targetHints":{"allow":["GET"]}}],"collection":[{"href":"https:\/\/www.europesays.com\/fr\/wp-json\/wp\/v2\/posts"}],"about":[{"href":"https:\/\/www.europesays.com\/fr\/wp-json\/wp\/v2\/types\/post"}],"author":[{"embeddable":true,"href":"https:\/\/www.europesays.com\/fr\/wp-json\/wp\/v2\/users\/2"}],"replies":[{"embeddable":true,"href":"https:\/\/www.europesays.com\/fr\/wp-json\/wp\/v2\/comments?post=159443"}],"version-history":[{"count":0,"href":"https:\/\/www.europesays.com\/fr\/wp-json\/wp\/v2\/posts\/159443\/revisions"}],"wp:featuredmedia":[{"embeddable":true,"href":"https:\/\/www.europesays.com\/fr\/wp-json\/wp\/v2\/media\/159444"}],"wp:attachment":[{"href":"https:\/\/www.europesays.com\/fr\/wp-json\/wp\/v2\/media?parent=159443"}],"wp:term":[{"taxonomy":"category","embeddable":true,"href":"https:\/\/www.europesays.com\/fr\/wp-json\/wp\/v2\/categories?post=159443"},{"taxonomy":"post_tag","embeddable":true,"href":"https:\/\/www.europesays.com\/fr\/wp-json\/wp\/v2\/tags?post=159443"}],"curies":[{"name":"wp","href":"https:\/\/api.w.org\/{rel}","templated":true}]}}