{"id":159453,"date":"2025-06-07T22:18:15","date_gmt":"2025-06-07T22:18:15","guid":{"rendered":"https:\/\/www.europesays.com\/fr\/159453\/"},"modified":"2025-06-07T22:18:15","modified_gmt":"2025-06-07T22:18:15","slug":"comment-la-commune-de-carqueiranne-prepare-son-littoral-avant-la-saison-dete","status":"publish","type":"post","link":"https:\/\/www.europesays.com\/fr\/159453\/","title":{"rendered":"Comment la commune de Carqueiranne pr\u00e9pare son littoral avant la saison d\u2019\u00e9t\u00e9"},"content":{"rendered":"<p>Depuis quelques mois, les travaux allaient bon train mais un gros grain de sable est venu gripper le m\u00e9canisme. D\u2019ici les vacances scolaires, le littoral carqueirannais aura toutefois fait peau neuve. Point de situation:<\/p>\n<p><strong>Esplanade du parc B\u00e9ziaud<\/strong><\/p>\n<p>Les travaux initi\u00e9s en mars s\u2019ach\u00e8veront comme pr\u00e9vu. \u00c0 partir de d\u00e9but juillet, il sera \u00e0 nouveau possible de profiter de la vue imprenable qu\u2019il offre sur le port \u00e0 l\u2019abri des pins. Un chantier qui aura co\u00fbt\u00e9 pr\u00e8s d\u2019un million d\u2019euros \u00ab\u00a0dont une participation importante de la M\u00e9tropole et du d\u00e9partement\u00a0\u00bb, souligne le maire Arnaud Latil.<\/p>\n<p><strong>Plage Peno<\/strong><\/p>\n<p>Les op\u00e9rations d\u2019\u00e9pierrage et de r\u00e9ensablement ont \u00e9t\u00e9 r\u00e9alis\u00e9es; op\u00e9rations essentielles dans la lutte contre l\u2019\u00e9rosion c\u00f4ti\u00e8re en stabilisant le sable. 300m\u00b3 de sable en provenance de Bormes ont \u00e9t\u00e9 r\u00e9partis sur les trois anses qui composent la plage. Chaque hiver \u00e0 Bormes, les \u00e9l\u00e9ments dirigent du sable vers le port. Le ph\u00e9nom\u00e8ne est inverse sur la plage Peno qui est une plage artificielle, cr\u00e9\u00e9e en 1990. Solidarit\u00e9 oblige, il y a plusieurs ann\u00e9es que la capitale varoise du mimosa fait don du sable qu\u2019elle drague de son port chaque printemps.<\/p>\n<p>Des tamaris, esp\u00e8ce r\u00e9sistante au vent et aux embruns, bordent d\u00e9sormais la plage le long de la promenade Marius-Coulomb. Celle-ci a \u00e9t\u00e9 rev\u00eatue d\u2019un nouvel enrob\u00e9 ocre, con\u00e7u pour limiter l\u2019accumulation de chaleur en \u00e9t\u00e9, et est d\u00e9sormais \u00e9clair\u00e9e par des cand\u00e9labres durables en inox.<\/p>\n<p>Des am\u00e9nagements non seulement agr\u00e9ables \u00e0 l\u2019\u0153il, mais \u00e9galement essentiels pour faciliter l\u2019acc\u00e8s aux poussettes et aux personnes \u00e0 mobilit\u00e9 r\u00e9duite. \u00ab\u00a0Une promenade plus inclusive et plus agr\u00e9able, pour le bien-\u00eatre de tous!\u00a0\u00bb, se r\u00e9jouit la municipalit\u00e9.<\/p>\n<p><strong>Liaison entre la plage Peno et la plage du Pradon<\/strong><\/p>\n<p>Le chemin pi\u00e9tonnier entre les deux plages a \u00e9t\u00e9 remis en \u00e9tat, comme cela est n\u00e9cessaire chaque ann\u00e9e apr\u00e8s les coups de mer. En p\u00e9riode d\u2019ouverture, l\u2019acc\u00e8s \u00e9tant r\u00e9glement\u00e9, des ganivelles en bois d\u00e9limitent le passage \u00e0 bonne distance de la falaise. De chaque c\u00f4t\u00e9 du chemin, des panneaux rappellent l\u2019arr\u00eat\u00e9 municipal et indiquent si l\u2019acc\u00e8s est ouvert ou ferm\u00e9. Celui-ci est ferm\u00e9 durant les p\u00e9riodes de largades, d\u2019octobre \u00e0 mars, ainsi qu\u2019en cas d\u2019alerte m\u00e9t\u00e9orologique. La falaise, sujette \u00e0 l\u2019\u00e9rosion, fait elle aussi l\u2019objet d\u2019une surveillance r\u00e9guli\u00e8re. \u00ab\u00a0Tant que des travaux annuels, m\u00eame mod\u00e9r\u00e9s, nous permettent de maintenir l\u2019acc\u00e8s aux promeneurs en toute s\u00e9curit\u00e9, nous le ferons. Mais un jour, cette liaison ne sera peut-\u00eatre plus possible, malheureusement\u00a0\u00bb, explique le maire. Et d\u2019ajouter: \u00ab\u00a0Peser le pour et le contre, trouver le bon \u00e9quilibre, arbitrer: tel est le quotidien de toute municipalit\u00e9. La s\u00e9curit\u00e9 primera toujours\u00a0\u00bb. Tout au long de l\u2019\u00e9t\u00e9, un entretien r\u00e9gulier et soign\u00e9 des plages est pr\u00e9vu afin de garantir leur bon \u00e9tat et leur propret\u00e9.<\/p>\n<p><strong>La surveillance des plages retard\u00e9e<\/strong><\/p>\n<p>\u00ab\u00a0La surveillance des plages, pr\u00e9vue ce samedi, d\u00e9butera le 14 juin avec une semaine de retard\u00a0\u00bb, annonce la mairie en expliquant que le balisage en mer n\u2019a pas pu \u00eatre r\u00e9alis\u00e9 dans les conditions de s\u00e9curit\u00e9 requises en raison du vent. Cet \u00e9t\u00e9, les plages Peno et du Pradon seront surveill\u00e9es les mercredis, week-ends et jours f\u00e9ri\u00e9s de 10h \u00e0 19h du 14 juin \u00e0 la fin du mois. Du 1er juillet au 31 ao\u00fbt, le dispositif sera en place tous les jours de 10h \u00e0 19h.<\/p>\n<p>Enfin en septembre, la surveillance sera assur\u00e9e jusqu\u2019au 14 septembre, les mercredis et week-ends de 10h \u00e0 19h.<\/p>\n","protected":false},"excerpt":{"rendered":"Depuis quelques mois, les travaux allaient bon train mais un gros grain de sable est venu gripper le&hellip;\n","protected":false},"author":2,"featured_media":159454,"comment_status":"","ping_status":"","sticky":false,"template":"","format":"standard","meta":{"footnotes":""},"categories":[9619],"tags":[1111,11,1777,674,1011,27,12,882,25,2310,3366],"class_list":{"0":"post-159453","1":"post","2":"type-post","3":"status-publish","4":"format-standard","5":"has-post-thumbnail","7":"category-toulon","8":"tag-actu","9":"tag-actualites","10":"tag-eu","11":"tag-europe","12":"tag-fr","13":"tag-france","14":"tag-news","15":"tag-provence-alpes-cote-dazur","16":"tag-republique-francaise","17":"tag-toulon","18":"tag-vie-locale"},"share_on_mastodon":{"url":"https:\/\/pubeurope.com\/@fr\/114644405785981063","error":""},"_links":{"self":[{"href":"https:\/\/www.europesays.com\/fr\/wp-json\/wp\/v2\/posts\/159453","targetHints":{"allow":["GET"]}}],"collection":[{"href":"https:\/\/www.europesays.com\/fr\/wp-json\/wp\/v2\/posts"}],"about":[{"href":"https:\/\/www.europesays.com\/fr\/wp-json\/wp\/v2\/types\/post"}],"author":[{"embeddable":true,"href":"https:\/\/www.europesays.com\/fr\/wp-json\/wp\/v2\/users\/2"}],"replies":[{"embeddable":true,"href":"https:\/\/www.europesays.com\/fr\/wp-json\/wp\/v2\/comments?post=159453"}],"version-history":[{"count":0,"href":"https:\/\/www.europesays.com\/fr\/wp-json\/wp\/v2\/posts\/159453\/revisions"}],"wp:featuredmedia":[{"embeddable":true,"href":"https:\/\/www.europesays.com\/fr\/wp-json\/wp\/v2\/media\/159454"}],"wp:attachment":[{"href":"https:\/\/www.europesays.com\/fr\/wp-json\/wp\/v2\/media?parent=159453"}],"wp:term":[{"taxonomy":"category","embeddable":true,"href":"https:\/\/www.europesays.com\/fr\/wp-json\/wp\/v2\/categories?post=159453"},{"taxonomy":"post_tag","embeddable":true,"href":"https:\/\/www.europesays.com\/fr\/wp-json\/wp\/v2\/tags?post=159453"}],"curies":[{"name":"wp","href":"https:\/\/api.w.org\/{rel}","templated":true}]}}