{"id":159457,"date":"2025-06-07T22:20:10","date_gmt":"2025-06-07T22:20:10","guid":{"rendered":"https:\/\/www.europesays.com\/fr\/159457\/"},"modified":"2025-06-07T22:20:10","modified_gmt":"2025-06-07T22:20:10","slug":"la-fete-des-cm2-a-battu-son-plein-ce-jeudi-sur-la-promenade-du-peyrou","status":"publish","type":"post","link":"https:\/\/www.europesays.com\/fr\/159457\/","title":{"rendered":"la f\u00eate des CM2 a battu son plein ce jeudi sur la promenade du Peyrou"},"content":{"rendered":"<p>            Par<br \/>\n        <strong><br \/>\n            <a href=\"https:\/\/actu.fr\/auteur\/a-saliba\" title=\"Consulter tous les articles de Alexandre Saliba\" target=\"_blank\" rel=\"noopener\">Alexandre Saliba<\/a><br \/>\n        <\/strong><\/p>\n<p>        Publi\u00e9 le<\/p>\n<p>            7 juin 2025 \u00e0 16h32        <\/p>\n<p>Des rires et des enfants sous un soleil \u00e0 peine voil\u00e9 : voil\u00e0 le paysage qui se dessinait ce <strong>jeudi 5 juin 2025<\/strong>\u00a0sur la <strong>promenade du Peyrou<\/strong>, ferm\u00e9e pour la journ\u00e9e. Cette 18\u00e8me \u00e9dition de la <strong>f\u00eate des CM2<\/strong> s\u2019est d\u00e9roul\u00e9e dans la joie et la bonne humeur, toutes deux partag\u00e9es par les <strong>1300 \u00e9l\u00e8ves<\/strong> (soit 36 \u00e9coles) autant que par leurs professeurs, pour c\u00e9l\u00e9brer la fin de l\u2019\u00e9cole primaire avant l\u2019entr\u00e9e au coll\u00e8ge.<\/p>\n<p>    <a href=\"https:\/\/www.google.com\/maps\/embed?pb=!1m18!1m12!1m3!1d5777.547343440179!2d3.868183175093331!3d43.61125385514444!2m3!1f0!2f0!3f0!3m2!1i1024!2i768!4f13.1!3m3!1m2!1s0x12b6af076a546fb5%3A0x34f9e1f751e017a8!2sPromenade%20du%20Peyrou!5e0!3m2!1sfr!2sfr!4v1749129772580!5m2!1sfr!2sfr\" title=\"Ouvrie le lien\" target=\"_blank\" rel=\"noopener\">Cliquez ici pour visualiser le contenu<\/a><\/p>\n<p>Des enfants combl\u00e9s par les activit\u00e9s<\/p>\n<p class=\" wall-content\">Cette ann\u00e9e encore, la f\u00eate des CM2 a s\u00e9duit les enfants par son cadre et son nombre d\u2019activit\u00e9s disponibles. Tir \u00e0 l\u2019arc, dessiner pour gagner, challenge cerceaux ou bien course \u00e0 l\u2019aveugle n\u2019\u00e9taient qu\u2019une petite partie des ateliers qui ont \u00e9t\u00e9 pr\u00e9par\u00e9s par le personnel du p\u00f4le \u00e9ducation de la mairie et des associations. Ces derniers, facilement reconnaissables gr\u00e2ce \u00e0 leurs t-shirts roses, se sont investis au moins autant que les enfants dans leurs activit\u00e9s et y ont investi toute leur \u00e9nergie. Mention sp\u00e9ciale au D\u00e9fi danse particuli\u00e8rement sportif et qui a r\u00e9ussi \u00e0 faire danser les encadrants aussi.<\/p>\n<p>Activit\u00e9s et animations<\/p>\n<p class=\" wall-content\">D\u2019autres animations plus \u00e9ducatives \u00e9taient au rendez-vous \u00e9galement. Les \u00e9coliers auront ainsi pu faire du jardinage tout en s\u2019int\u00e9ressant aux petites b\u00eates qui vivent dans les espaces de verdure de la promenade. Non loin, un stand \u00ab\u00a0Tr\u00e9sor de la biodiversit\u00e9\u00a0\u00bb \u00e9tait pr\u00e9sent pour r\u00e9pondre aux questions de tous les curieux. Pour B\u00e9n\u00e9dicte, AESH dans l\u2019une des \u00e9coles pr\u00e9sentes ce jeudi, cet \u00e9v\u00e8nement \u00e9tait tr\u00e8s attendu par les enfants, comme chaque ann\u00e9e. C\u2019est \u00e9galement une bonne occasion pour eux de rencontrer leurs potentiels futurs camarades de classe au coll\u00e8ge, et m\u00eame simplement de se faire des nouveaux amis.<\/p>\n<p>Une rencontre avec le maire visiblement attendue<\/p>\n<p class=\" wall-content\">Apr\u00e8s un temps festif sur la pause m\u00e9ridienne, compos\u00e9 d\u2019une boum, d\u2019une d\u00e9monstration de sauts en trottinette et d\u2019une chor\u00e9graphie des mascottes de la F\u00eate, c\u2019est le maire de Montpellier Micha\u00ebl Delafosse qui a pris la parole. Dans un court discours, il a invit\u00e9 les \u00e9coliers a remercier par une ovation les personnels de la mairie et leurs enseignants qui ont rendu cette journ\u00e9e possible. Une invitation \u00e0 laquelle les enfants se sont fait un plaisir de r\u00e9pondre, remplissant la promenade du bruit de leurs applaudissements.\u00a0<\/p>\n<p>Vid\u00e9os : en ce moment sur Actu<\/p>\n<p class=\" wall-content\">Visiblement satisfait de la popularit\u00e9 de la f\u00eate, Micha\u00ebl Delafosse a d\u00e9clar\u00e9 que \u00ab\u00a0Montpellier est une ville o\u00f9 on fait tout pour que les enfants puissent grandir et apprendre dans les meilleurs conditions.\u00a0\u00bb Cette d\u00e9claration a \u00e9t\u00e9 soumise \u00e0 l\u2019\u00e9preuve par la foule d\u2019\u00e9coliers venu accueillir le maire, lui serrer la main et \u00e9changer quelques mots. Certains enfants lui ont parl\u00e9 de leur amour du foot, d\u2019autres ont \u00e9voqu\u00e9 les travaux autour de leurs \u00e9coles. Micha\u00ebl Delafosse en a donc profit\u00e9 pour leur expliquer l\u2019objectif des travaux, comme la pi\u00e9tonnisation des rues, \u00e0 l\u2019image du <a href=\"https:\/\/actu.fr\/occitanie\/montpellier_34172\/montpellier-changer-la-ville-en-changeant-les-parvis-des-ecoles-l-ecole-joan-miro-a-son-nouveau-parvis_62659988.html\" target=\"_blank\" rel=\"noopener\">nouveau parvis de Joan Miro<\/a>, et la s\u00e9curit\u00e9 des enfants dans son ensemble.<\/p>\n<p class=\" wall-content\">Quoi qu\u2019il en soit, les CM2 de Montpellier finiront cette journ\u00e9e avec des souvenirs plein la t\u00eate, ravis et probablement \u00e9puis\u00e9s. Cerise sur le g\u00e2teau, ils pourront profiter du livre\u00a0Les Myst\u00e8res de Montpellier, enti\u00e8rement r\u00e9dig\u00e9 par 11 \u00e9coles de la ville. Le maire de Montpellier leur a aussi annonc\u00e9 qu\u2019ils recevront bient\u00f4t un exemplaire des Mis\u00e9rables de Victor Hugo, un ouvrage qu\u2019ils liront \u00e0 un moment ou un autre de leur parcours. De quoi bien armer les \u00e9l\u00e8ves quelques semaines avant leur entr\u00e9e dans la cour des grands.<\/p>\n<p class=\" wall-content\">Suivez toute l\u2019actualit\u00e9 de vos villes et m\u00e9dias favoris en vous inscrivant \u00e0 <a href=\"https:\/\/moncompte.actu.fr\" title=\"D\u00e9couvez Mon Actu\" rel=\"nofollow noopener\" data-trk=\"{&quot;cta&quot;:{&quot;action&quot;:&quot;https:\\\/\\\/moncompte.actu.fr&quot;,&quot;category&quot;:&quot;mon compte&quot;,&quot;from&quot;:&quot;article footer&quot;,&quot;name&quot;:&quot;Mon actu&quot;,&quot;type&quot;:&quot;cta&quot;}}\" target=\"_blank\">Mon Actu<\/a>.<\/p>\n","protected":false},"excerpt":{"rendered":"Par Alexandre Saliba Publi\u00e9 le 7 juin 2025 \u00e0 16h32 Des rires et des enfants sous un soleil&hellip;\n","protected":false},"author":2,"featured_media":159458,"comment_status":"","ping_status":"","sticky":false,"template":"","format":"standard","meta":{"footnotes":""},"categories":[9599],"tags":[1111,11,5972,1719,1777,674,1011,27,1652,2208,12,2680,25],"class_list":{"0":"post-159457","1":"post","2":"type-post","3":"status-publish","4":"format-standard","5":"has-post-thumbnail","7":"category-montpellier","8":"tag-actu","9":"tag-actualites","10":"tag-danse","11":"tag-enfants","12":"tag-eu","13":"tag-europe","14":"tag-fr","15":"tag-france","16":"tag-loisirs-culture","17":"tag-montpellier","18":"tag-news","19":"tag-occitanie","20":"tag-republique-francaise"},"share_on_mastodon":{"url":"https:\/\/pubeurope.com\/@fr\/114644413570682284","error":""},"_links":{"self":[{"href":"https:\/\/www.europesays.com\/fr\/wp-json\/wp\/v2\/posts\/159457","targetHints":{"allow":["GET"]}}],"collection":[{"href":"https:\/\/www.europesays.com\/fr\/wp-json\/wp\/v2\/posts"}],"about":[{"href":"https:\/\/www.europesays.com\/fr\/wp-json\/wp\/v2\/types\/post"}],"author":[{"embeddable":true,"href":"https:\/\/www.europesays.com\/fr\/wp-json\/wp\/v2\/users\/2"}],"replies":[{"embeddable":true,"href":"https:\/\/www.europesays.com\/fr\/wp-json\/wp\/v2\/comments?post=159457"}],"version-history":[{"count":0,"href":"https:\/\/www.europesays.com\/fr\/wp-json\/wp\/v2\/posts\/159457\/revisions"}],"wp:featuredmedia":[{"embeddable":true,"href":"https:\/\/www.europesays.com\/fr\/wp-json\/wp\/v2\/media\/159458"}],"wp:attachment":[{"href":"https:\/\/www.europesays.com\/fr\/wp-json\/wp\/v2\/media?parent=159457"}],"wp:term":[{"taxonomy":"category","embeddable":true,"href":"https:\/\/www.europesays.com\/fr\/wp-json\/wp\/v2\/categories?post=159457"},{"taxonomy":"post_tag","embeddable":true,"href":"https:\/\/www.europesays.com\/fr\/wp-json\/wp\/v2\/tags?post=159457"}],"curies":[{"name":"wp","href":"https:\/\/api.w.org\/{rel}","templated":true}]}}