{"id":159469,"date":"2025-06-07T22:29:33","date_gmt":"2025-06-07T22:29:33","guid":{"rendered":"https:\/\/www.europesays.com\/fr\/159469\/"},"modified":"2025-06-07T22:29:33","modified_gmt":"2025-06-07T22:29:33","slug":"anthony-sichi-devient-entraineur-a-la-racing-mutest-academie-alsasports","status":"publish","type":"post","link":"https:\/\/www.europesays.com\/fr\/159469\/","title":{"rendered":"Anthony Sichi devient entra\u00eeneur \u00e0 la Racing Mutest Acad\u00e9mie ! \u2014 Alsa&rsquo;Sports"},"content":{"rendered":"<p><strong>L\u2019ancien milieu du Racing (2011-2014) Anthony Sichi a officialis\u00e9 hier son retour au club en tant qu\u2019entra\u00eeneur \u00e0 la Racing Mutest Acad\u00e9mie, le centre de formation du RCSA. <\/strong><\/p>\n<p>\u00ab\u00a0Je suis tr\u00e8s heureux de revenir au centre de formation 11 ans apr\u00e8s\u00a0\u00bb a-t-il annonc\u00e9 sur son compte Facebook hier. L\u2019ancien milieu du Racing Club de Strasbourg (2011-2014) Anthony Sichi est de retour en Alsace pour poursuivre sa carri\u00e8re d\u2019entra\u00eeneur. Il officiera \u00e0 la Racing Mutest Acad\u00e9mie, le centre de formation, sans que l\u2019on sache pour le moment la cat\u00e9gorie et l\u2019\u00e9quipe de jeunes concern\u00e9e. <\/p>\n<p>\u00c0 39 ans, Anthony Sichi rejoint Strasbourg apr\u00e8s avoir \u00e9t\u00e9 entra\u00eeneur de l\u2019\u00e9quipe premi\u00e8re du Istres Football Club depuis 2 ans en National 3 puis en National 2. \u00c0 noter que Sichi a d\u00e9j\u00e0 eu sous ses ordres des jeunes joueurs en ayant dirig\u00e9 les U17 de Istres durant quatre saisons. Anthony Sichi joueur est devenu entra\u00eeneur et le sera pour la premi\u00e8re fois ailleurs qu\u2019\u00e0 Istres. <\/p>\n","protected":false},"excerpt":{"rendered":"L\u2019ancien milieu du Racing (2011-2014) Anthony Sichi a officialis\u00e9 hier son retour au club en tant qu\u2019entra\u00eeneur \u00e0&hellip;\n","protected":false},"author":2,"featured_media":159470,"comment_status":"","ping_status":"","sticky":false,"template":"","format":"standard","meta":{"footnotes":""},"categories":[2820],"tags":[1111,11,29054,1777,674,63,1011,27,775,12,4448,25,640],"class_list":{"0":"post-159469","1":"post","2":"type-post","3":"status-publish","4":"format-standard","5":"has-post-thumbnail","7":"category-strasbourg","8":"tag-actu","9":"tag-actualites","10":"tag-anthony-sichi","11":"tag-eu","12":"tag-europe","13":"tag-football","14":"tag-fr","15":"tag-france","16":"tag-grand-est","17":"tag-news","18":"tag-rc-strasbourg","19":"tag-republique-francaise","20":"tag-strasbourg"},"share_on_mastodon":{"url":"https:\/\/pubeurope.com\/@fr\/114644448947669987","error":""},"_links":{"self":[{"href":"https:\/\/www.europesays.com\/fr\/wp-json\/wp\/v2\/posts\/159469","targetHints":{"allow":["GET"]}}],"collection":[{"href":"https:\/\/www.europesays.com\/fr\/wp-json\/wp\/v2\/posts"}],"about":[{"href":"https:\/\/www.europesays.com\/fr\/wp-json\/wp\/v2\/types\/post"}],"author":[{"embeddable":true,"href":"https:\/\/www.europesays.com\/fr\/wp-json\/wp\/v2\/users\/2"}],"replies":[{"embeddable":true,"href":"https:\/\/www.europesays.com\/fr\/wp-json\/wp\/v2\/comments?post=159469"}],"version-history":[{"count":0,"href":"https:\/\/www.europesays.com\/fr\/wp-json\/wp\/v2\/posts\/159469\/revisions"}],"wp:featuredmedia":[{"embeddable":true,"href":"https:\/\/www.europesays.com\/fr\/wp-json\/wp\/v2\/media\/159470"}],"wp:attachment":[{"href":"https:\/\/www.europesays.com\/fr\/wp-json\/wp\/v2\/media?parent=159469"}],"wp:term":[{"taxonomy":"category","embeddable":true,"href":"https:\/\/www.europesays.com\/fr\/wp-json\/wp\/v2\/categories?post=159469"},{"taxonomy":"post_tag","embeddable":true,"href":"https:\/\/www.europesays.com\/fr\/wp-json\/wp\/v2\/tags?post=159469"}],"curies":[{"name":"wp","href":"https:\/\/api.w.org\/{rel}","templated":true}]}}