{"id":159489,"date":"2025-06-07T22:40:12","date_gmt":"2025-06-07T22:40:12","guid":{"rendered":"https:\/\/www.europesays.com\/fr\/159489\/"},"modified":"2025-06-07T22:40:12","modified_gmt":"2025-06-07T22:40:12","slug":"melting-pot-lassociation-qui-lutte-contre-labstentionnisme-lors-des-elections","status":"publish","type":"post","link":"https:\/\/www.europesays.com\/fr\/159489\/","title":{"rendered":"Melting Pot, l&rsquo;association qui lutte contre l&rsquo;abstentionnisme lors des \u00e9lections"},"content":{"rendered":"<p>Vulgariser, initier et accompagner\u00a0: ce sont les mots d\u2019ordre de l\u2019association Melting Pot, qui lutte contre <a href=\"https:\/\/www.laprovence.com\/article\/politique\/3644144362514715\/jai-eu-un-gros-coup-qui-sont-ces-jeunes-qui-regrettent-de-ne-pas-avoir-vote-aux-elections-europeennes\" target=\"_blank\" rel=\"noopener\">l\u2019abstentionnisme des jeunes<\/a>. Cr\u00e9\u00e9e en\u00a02022 \u00e0 Marseille, elle organise r\u00e9guli\u00e8rement des rencontres et ateliers dans les \u00e9tablissements scolaires ou des centres sociaux.<\/p>\n<p>Jeudi 5 juin, Melting Pot a inaugur\u00e9 un nouveau format, une \u00ab\u00a0rencontre citoyenne\u00a0\u00bb avec le <a href=\"https:\/\/www.laprovence.com\/article\/politique\/8264089665264514\/marseille-faces-aux-dissensions-locales-pour-jeremy-bacchi-pcf-13-il-vaut-mieux-reserver-les-attaques-au-camp-d-en-face\" target=\"_blank\" rel=\"noopener\">s\u00e9nateur PCF J\u00e9r\u00e9my Bacchi<\/a>. Face \u00e0 lui, une quinzaine de jeunes gens de 16 \u00e0 25\u00a0ans de tous les quartiers de Marseille. \u00ab\u00a0L\u2019id\u00e9e est de rendre les \u00e9lus plus accessibles, de lutter contre l\u2019image \u00e9litiste qu\u2019on peut avoir de la politique en comprenant d\u2019o\u00f9 ils sont et leur parcours\u00a0\u00bb, illustre <a href=\"https:\/\/www.laprovence.com\/article\/economie\/31259698907279\/rencontres-economiques-daix-un-temps-dechange-avec-elisabeth-borne\" target=\"_blank\" rel=\"noopener\">Alexandre Pastor<\/a>, fondateur de l\u2019association.<\/p>\n<p>J\u00e9r\u00e9my Bacchi a ainsi pu d\u00e9tailler les racines de son engagement communiste et son quotidien de s\u00e9nateur. \u00ab\u00a0C\u2019est un exercice surprenant de se livrer sur des dimensions plus personnelles, d\u2019autant que c\u2019\u00e9tait extr\u00eamement interactif\u00a0\u00bb, reconna\u00eet-il. Pour lui, \u00ab\u00a0c\u2019est le bon format pour lutter contre l\u2019abstentionnisme. Il permet \u00e0 chacun de prendre la parole pour comprendre l\u2019utilit\u00e9 du vote et le fonctionnement des institutions\u00a0\u00bb. L\u2019initiative pourrait avoir des suites\u00a0: J\u00e9r\u00e9my Bacchi a propos\u00e9 \u00e0 <a href=\"https:\/\/www.meltingpot-asso.fr\/\" target=\"_blank\" rel=\"noopener\">Melting Pot<\/a> d\u2019accueillir bient\u00f4t ces jeunes au S\u00e9nat.<\/p>\n","protected":false},"excerpt":{"rendered":"Vulgariser, initier et accompagner\u00a0: ce sont les mots d\u2019ordre de l\u2019association Melting Pot, qui lutte contre l\u2019abstentionnisme des&hellip;\n","protected":false},"author":2,"featured_media":159490,"comment_status":"","ping_status":"","sticky":false,"template":"","format":"standard","meta":{"footnotes":""},"categories":[2814],"tags":[17,1111,11,1444,1777,674,1011,27,9445,7998,884,29056,12,316,29057,882,3583,25],"class_list":{"0":"post-159489","1":"post","2":"type-post","3":"status-publish","4":"format-standard","5":"has-post-thumbnail","7":"category-marseille","8":"tag-17","9":"tag-actu","10":"tag-actualites","11":"tag-contre","12":"tag-eu","13":"tag-europe","14":"tag-fr","15":"tag-france","16":"tag-lassociation","17":"tag-lutte","18":"tag-marseille","19":"tag-melting","20":"tag-news","21":"tag-politique","22":"tag-pot","23":"tag-provence-alpes-cote-dazur","24":"tag-qui","25":"tag-republique-francaise"},"share_on_mastodon":{"url":"https:\/\/pubeurope.com\/@fr\/114644492205661370","error":""},"_links":{"self":[{"href":"https:\/\/www.europesays.com\/fr\/wp-json\/wp\/v2\/posts\/159489","targetHints":{"allow":["GET"]}}],"collection":[{"href":"https:\/\/www.europesays.com\/fr\/wp-json\/wp\/v2\/posts"}],"about":[{"href":"https:\/\/www.europesays.com\/fr\/wp-json\/wp\/v2\/types\/post"}],"author":[{"embeddable":true,"href":"https:\/\/www.europesays.com\/fr\/wp-json\/wp\/v2\/users\/2"}],"replies":[{"embeddable":true,"href":"https:\/\/www.europesays.com\/fr\/wp-json\/wp\/v2\/comments?post=159489"}],"version-history":[{"count":0,"href":"https:\/\/www.europesays.com\/fr\/wp-json\/wp\/v2\/posts\/159489\/revisions"}],"wp:featuredmedia":[{"embeddable":true,"href":"https:\/\/www.europesays.com\/fr\/wp-json\/wp\/v2\/media\/159490"}],"wp:attachment":[{"href":"https:\/\/www.europesays.com\/fr\/wp-json\/wp\/v2\/media?parent=159489"}],"wp:term":[{"taxonomy":"category","embeddable":true,"href":"https:\/\/www.europesays.com\/fr\/wp-json\/wp\/v2\/categories?post=159489"},{"taxonomy":"post_tag","embeddable":true,"href":"https:\/\/www.europesays.com\/fr\/wp-json\/wp\/v2\/tags?post=159489"}],"curies":[{"name":"wp","href":"https:\/\/api.w.org\/{rel}","templated":true}]}}