{"id":159497,"date":"2025-06-07T22:46:15","date_gmt":"2025-06-07T22:46:15","guid":{"rendered":"https:\/\/www.europesays.com\/fr\/159497\/"},"modified":"2025-06-07T22:46:15","modified_gmt":"2025-06-07T22:46:15","slug":"boum-ambulante-projections-en-plein-air-tournage-dun-court-metrage-liberation","status":"publish","type":"post","link":"https:\/\/www.europesays.com\/fr\/159497\/","title":{"rendered":"boum ambulante, projections en plein air, tournage d\u2019un court m\u00e9trage\u2026 \u2013 Lib\u00e9ration"},"content":{"rendered":"<p class=\"sc-ksZaOG ehjQrN text-element\">Raconter \u00abune histoire comme au cin\u00e9ma, celle de la nuit devenue un espace de r\u00e9sistance, de libert\u00e9 cr\u00e9atrice et humaine, \u00e0 rebours d\u2019un monde du jour carc\u00e9ral\u00bb. Voil\u00e0 l\u2019ambition de <a href=\"https:\/\/www.liberation.fr\/portraits\/valerie-donzelli-pulsion-de-vies-20230829_ILCATU4RBNDJPHSYDMQJAWXSSA\/?redirected=1\" target=\"_blank\" rel=\"noopener\" title=\"https:\/\/www.liberation.fr\/portraits\/valerie-donzelli-pulsion-de-vies-20230829_ILCATU4RBNDJPHSYDMQJAWXSSA\/?redirected=1\">l\u2019effervescente actrice et r\u00e9alisatrice Val\u00e9rie Donzelli<\/a> (La guerre est d\u00e9clar\u00e9e, <a href=\"https:\/\/www.liberation.fr\/culture\/cinema\/festival-de-cannes-lamour-et-les-forets-marrie-et-femme-20230524_2UWLECGDW5EPZDMVS2LQ64PYEE\/\" target=\"_blank\" rel=\"noreferrer noopener\" title=\"https:\/\/www.liberation.fr\/culture\/cinema\/festival-de-cannes-lamour-et-les-forets-marrie-et-femme-20230524_2UWLECGDW5EPZDMVS2LQ64PYEE\/\">l\u2019Amour et les For\u00eats<\/a>, <a href=\"https:\/\/www.liberation.fr\/culture\/series\/nona-et-ses-filles-les-triplettes-de-la-goutte-dor-20211126_RGODPGJERZADTK2Q6QI76RD46A\/\" target=\"_blank\" rel=\"noreferrer noopener\" title=\"https:\/\/www.liberation.fr\/culture\/series\/nona-et-ses-filles-les-triplettes-de-la-goutte-dor-20211126_RGODPGJERZADTK2Q6QI76RD46A\/\">Nona et ses filles<\/a>) invit\u00e9e cette ann\u00e9e \u00e0 prendre les r\u00eanes <a href=\"http:\/\/liberation.fr\/culture\/arts\/art-contemporain\/valerie-donzelli-directrice-artistique-surprise-de-nuit-blanche-2025-20241021_DQUBNBAEPVHR3MNUZZJIPV24VM\/\" target=\"_blank\" rel=\"noreferrer noopener\" title=\"http:\/\/liberation.fr\/culture\/arts\/art-contemporain\/valerie-donzelli-directrice-artistique-surprise-de-nuit-blanche-2025-20241021_DQUBNBAEPVHR3MNUZZJIPV24VM\/\">de la 24e \u00e9dition de Nuit blanche<\/a>. Samedi 7 juin, avec plus de 100 projets artistiques diss\u00e9min\u00e9s \u00e0 travers la ville, accessibles gratuitement entre 19 heures et 6 heures du matin (ainsi que le r\u00e9seau V\u00e9lib), la manifestation noctambule promet de transformer Paris en un \u00abimmense plateau de cin\u00e9ma\u00bb.<\/p>\n<p class=\"sc-ksZaOG ehjQrN text-element\">L\u2019\u00e9v\u00e9nement parisien, lanc\u00e9 en 2002, aura donc le 7e art comme fil conducteur : l\u2019occasion de c\u00e9l\u00e9brer ses 130 ans, dans la ville o\u00f9 les fr\u00e8res Lumi\u00e8re donn\u00e8rent en 1885 la premi\u00e8re s\u00e9ance publique payante. Pour f\u00eater cet anniversaire, Gaumont et la F\u00e9mis investiront le Petit Palais, transform\u00e9 pour l\u2019occasion en espace festif, avec des rencontres, projections, concerts et DJ sets.<\/p>\n<p class=\"sc-ksZaOG ehjQrN text-element\"><a href=\"https:\/\/www.liberation.fr\/portraits\/michel-gondry-esprit-cryptique-20230911_VWSYOWDMNZEOPEQQH6TBXTUFDE\/\" target=\"_blank\" rel=\"noopener\" title=\"https:\/\/www.liberation.fr\/portraits\/michel-gondry-esprit-cryptique-20230911_VWSYOWDMNZEOPEQQH6TBXTUFDE\/\">Le cin\u00e9aste Michel Gondry<\/a> (Eternal Sunshine of the Spotless Mind ou plus r\u00e9cemment <a href=\"https:\/\/www.liberation.fr\/culture\/cinema\/le-livre-des-solutions-de-michel-gondry-ses-delires-sont-des-ordres-20230913_6SRHEOQLA5C4RHTTTQT77DWWTI\/\" target=\"_blank\" rel=\"noreferrer noopener\" title=\"https:\/\/www.liberation.fr\/culture\/cinema\/le-livre-des-solutions-de-michel-gondry-ses-delires-sont-des-ordres-20230913_6SRHEOQLA5C4RHTTTQT77DWWTI\/\">le Livre des solutions<\/a>) est l\u2019invit\u00e9 sp\u00e9cial de cette \u00e9dition. Fid\u00e8le \u00e0 son univers bricol\u00e9 et po\u00e9tique, il proposera une installation sonore \u00e0 Stalingrad et d\u00e9voilera devant la gare Montparnasse un court m\u00e9trage in\u00e9dit, Quelle nuit blanche !, un \u00abfilm d\u2019animation en papiers d\u00e9coup\u00e9s\u00bb. Il transformera enfin la ville de Villejuif en plateau de cin\u00e9ma, en recyclant son \u00abusine de films amateurs\u00bb (activ\u00e9e une premi\u00e8re fois en 2014 \u00e0 Aubervilliers) en invitant les habitants \u00e0 cr\u00e9er collectivement un court m\u00e9trage en trois heures.<\/p>\n<p class=\"sc-ksZaOG ehjQrN text-element\">D\u2019autres interventions auront lieu dans des endroits insolites : <a href=\"https:\/\/www.liberation.fr\/culture\/cinema\/philippe-katerine-au-cinema-quand-les-losers-winnent-je-pleure-tout-le-temps-20250515_WZNLASURYBGDJDQYUEO5VFW6QM\/\" target=\"_blank\" rel=\"noopener\" title=\"https:\/\/www.liberation.fr\/culture\/cinema\/philippe-katerine-au-cinema-quand-les-losers-winnent-je-pleure-tout-le-temps-20250515_WZNLASURYBGDJDQYUEO5VFW6QM\/\">le chanteur Philippe Katerine<\/a> m\u00e9tamorphosera le Quartier jeunes, place du Louvre, pour une performance ros\u00e9e et musicale d\u00e9jant\u00e9e, \u00e0 l\u2019image de son univers. L\u2019\u00e9crivain et journaliste Xavier Donzelli \u2013 petit fr\u00e8re de la cin\u00e9aste \u2013 investira les Catacombes pour un parcours sonore po\u00e9tique. Une boum phosphorescente ambulante, imagin\u00e9e par l\u2019artiste multim\u00e9dia et sc\u00e9nographe Juliette Gelli, se mettra en branle vers le canal Saint-Martin.<\/p>\n<p class=\"sc-ksZaOG ehjQrN text-element\">Toujours c\u00f4t\u00e9 cin\u00e9ma, six r\u00e9alisatrices incontournables seront mises \u00e0 l\u2019honneur le temps d\u2019une nuit et leurs \u0153uvres projet\u00e9es en boucle et en plein air. <a href=\"https:\/\/www.liberation.fr\/culture\/jeanne-dielman-elu-meilleur-film-de-tous-les-temps-une-breche-bienvenue-20221205_IR6JZPLGIVEZTPBVIP7KLOO37Q\/\" target=\"_blank\" rel=\"noreferrer noopener\" title=\"https:\/\/www.liberation.fr\/culture\/jeanne-dielman-elu-meilleur-film-de-tous-les-temps-une-breche-bienvenue-20221205_IR6JZPLGIVEZTPBVIP7KLOO37Q\/\">Jeanne Dielman de Chantal Akerman<\/a>, Place des f\u00eates (XIXe arrondissement), <a href=\"https:\/\/www.liberation.fr\/culture\/cinema\/sois-belle-et-tais-toi-reprend-la-parole-20230212_AF3ZD6ERRVGXLL7J5CV272KIEE\/\" target=\"_blank\" rel=\"noreferrer noopener\" title=\"https:\/\/www.liberation.fr\/culture\/cinema\/sois-belle-et-tais-toi-reprend-la-parole-20230212_AF3ZD6ERRVGXLL7J5CV272KIEE\/\">Sois belle et tais-toi de Delphine Seyrig<\/a> sur le terrain de sport des jardins Saint-Paul (IVe arrondissement), L\u2019une chante, l\u2019autre pas d\u2019Agn\u00e8s Varda sur le parvis de la mairie du XIVe, ou encore les \u0153uvres d\u2019<a href=\"https:\/\/www.liberation.fr\/culture\/livres\/alice-guy-remise-en-lumiere-20220706_YA35NP7SMJDWVG6UUZTWY2CUNA\/\" target=\"_blank\" rel=\"noreferrer noopener\" title=\"https:\/\/www.liberation.fr\/culture\/livres\/alice-guy-remise-en-lumiere-20220706_YA35NP7SMJDWVG6UUZTWY2CUNA\/\">Alice Guy, premi\u00e8re r\u00e9alisatrice de l\u2019histoire<\/a>, Jacqueline Audry et Germaine Dulac sur des places ou des fa\u00e7ades d\u2019immeuble\u2026<\/p>\n<p class=\"sc-ksZaOG ehjQrN text-element\">Si les films quittent les salles de cine\u0301ma, les vid\u00e9astes eux, venus du champ de l\u2019art contemporain, sont invit\u00e9s \u00e0 sortir de leur terrain d\u2019exp\u00e9rimentation habituel pour investir le cin\u00e9ma des 7 Parnassiens (XIVe). Parmi eux, Anne-Charlotte Finel piste une nature r\u00e9siliente qui se r\u00e9invente dans les sous-sols du me\u0301tro, Val\u00e9rie Mr\u00e9jen interroge la dynamique me\u0300re-fille et la re\u0301sistance a\u0300 l\u2019autorite\u0301, et Alice Brygo rappelle en images de synth\u00e8se l\u2019angoisse de la foule face \u00e0 l\u2019incendie de Notre-Dame. <a href=\"https:\/\/www.liberation.fr\/culture\/arts\/project-room-avec-clement-cogitore-les-images-font-grand-bruit-20220430_ZBKLSB2XJNAVXJR4SHVPTGBS7I\/\" target=\"_blank\" rel=\"noopener\" title=\"https:\/\/www.liberation.fr\/culture\/arts\/project-room-avec-clement-cogitore-les-images-font-grand-bruit-20220430_ZBKLSB2XJNAVXJR4SHVPTGBS7I\/\">Cl\u00e9ment Cogitore (d\u00e9j\u00e0 habitu\u00e9 \u00e0 faire la navette entre l\u2019art et le cin\u00e9ma\u2026<\/a>), lui, de\u0301tourne des images promotionnelles ge\u0301ne\u0301riques et propose une expe\u0301rience immersive.<\/p>\n<p class=\"sc-ksZaOG ehjQrN text-element\">Si elle reste fid\u00e8le \u00e0 la tonalit\u00e9 populaire et festive, avec ce parti pris quasiment sans \u00e9cart qui se focalise pleinement sur le cin\u00e9ma, cette 24e \u00e9dition de la Nuit Blanche continue de s\u2019\u00e9loigner de ses premi\u00e8res ambitions : un festival prospectif et exigeant d\u00e9di\u00e9 \u00e0 l\u2019art contemporain, \u00e0 ses jeunes artistes et commissaires.<\/p>\n","protected":false},"excerpt":{"rendered":"Raconter \u00abune histoire comme au cin\u00e9ma, celle de la nuit devenue un espace de r\u00e9sistance, de libert\u00e9 cr\u00e9atrice&hellip;\n","protected":false},"author":2,"featured_media":159498,"comment_status":"","ping_status":"","sticky":false,"template":"","format":"standard","meta":{"footnotes":""},"categories":[1888],"tags":[29058,29059,29060,29061,29062,1111,1928,11,1927,29063,1350,29064,3734,6835,29065,29066,1777,674,29067,12176,29068,3293,29069,29070,29071,1011,27,29072,29073,29074,14748,1227,18389,29075,29076,12,1926,29077,29078,29079,293,29080,626,1925,29081,1756,9023,29082,25,29083,29084,29085],"class_list":{"0":"post-159497","1":"post","2":"type-post","3":"status-publish","4":"format-standard","5":"has-post-thumbnail","7":"category-paris","8":"tag-1900-worlds-fair","9":"tag-1900s","10":"tag-20-20e-20eme-xx-xxe-xxeme-siecle","11":"tag-20-20o-xx-xxo-secolo","12":"tag-20-20th-xx-xxth-century","13":"tag-actu","14":"tag-actu-paris","15":"tag-actualites","16":"tag-actualites-paris","17":"tag-annees-1900","18":"tag-architecture","19":"tag-architettura","20":"tag-art","21":"tag-arte","22":"tag-edifice","23":"tag-esposizione-universale-di-parigi-1900","24":"tag-eu","25":"tag-europe","26":"tag-exhibition","27":"tag-expo","28":"tag-expo-del-1900","29":"tag-exposition","30":"tag-exposition-universelle-1900","31":"tag-external-view","32":"tag-fotografia","33":"tag-fr","34":"tag-france","35":"tag-france-francais-francaise-francaises","36":"tag-france-french","37":"tag-francese","38":"tag-francia","39":"tag-horizontal","40":"tag-monument","41":"tag-monumento","42":"tag-mostra","43":"tag-news","44":"tag-news-paris","45":"tag-night","46":"tag-notte","47":"tag-novecento","48":"tag-nuit","49":"tag-parigi","50":"tag-paris","51":"tag-paris-news","52":"tag-petit-palais","53":"tag-photographie","54":"tag-photography","55":"tag-primo-novecento","56":"tag-republique-francaise","57":"tag-ventesimo-secolo","58":"tag-vue-exterieure","59":"tag-youngtae"},"share_on_mastodon":{"url":"","error":"Validation failed: Text character limit of 500 exceeded"},"_links":{"self":[{"href":"https:\/\/www.europesays.com\/fr\/wp-json\/wp\/v2\/posts\/159497","targetHints":{"allow":["GET"]}}],"collection":[{"href":"https:\/\/www.europesays.com\/fr\/wp-json\/wp\/v2\/posts"}],"about":[{"href":"https:\/\/www.europesays.com\/fr\/wp-json\/wp\/v2\/types\/post"}],"author":[{"embeddable":true,"href":"https:\/\/www.europesays.com\/fr\/wp-json\/wp\/v2\/users\/2"}],"replies":[{"embeddable":true,"href":"https:\/\/www.europesays.com\/fr\/wp-json\/wp\/v2\/comments?post=159497"}],"version-history":[{"count":0,"href":"https:\/\/www.europesays.com\/fr\/wp-json\/wp\/v2\/posts\/159497\/revisions"}],"wp:featuredmedia":[{"embeddable":true,"href":"https:\/\/www.europesays.com\/fr\/wp-json\/wp\/v2\/media\/159498"}],"wp:attachment":[{"href":"https:\/\/www.europesays.com\/fr\/wp-json\/wp\/v2\/media?parent=159497"}],"wp:term":[{"taxonomy":"category","embeddable":true,"href":"https:\/\/www.europesays.com\/fr\/wp-json\/wp\/v2\/categories?post=159497"},{"taxonomy":"post_tag","embeddable":true,"href":"https:\/\/www.europesays.com\/fr\/wp-json\/wp\/v2\/tags?post=159497"}],"curies":[{"name":"wp","href":"https:\/\/api.w.org\/{rel}","templated":true}]}}