{"id":159503,"date":"2025-06-07T22:49:10","date_gmt":"2025-06-07T22:49:10","guid":{"rendered":"https:\/\/www.europesays.com\/fr\/159503\/"},"modified":"2025-06-07T22:49:10","modified_gmt":"2025-06-07T22:49:10","slug":"courir-paris-a-pleine-vitesse-lexperience-totale-de-ladidas-10k","status":"publish","type":"post","link":"https:\/\/www.europesays.com\/fr\/159503\/","title":{"rendered":"Courir Paris \u00e0 pleine vitesse : L\u2019exp\u00e9rience totale de l\u2019Adidas 10K"},"content":{"rendered":"<p><strong>Plus qu\u2019un chrono, une d\u00e9claration<\/strong><br class=\"autobr\"\/><br \/>\nImaginez-vous au petit matin, entour\u00e9 par une mar\u00e9e de coureurs exalt\u00e9s, \u00e0 quelques foul\u00e9es de l\u2019Arc de Triomphe. Le ciel est limpide, la temp\u00e9rature id\u00e9ale, et les rues de Paris sont \u00e0 vous. Il n\u2019y a pas de voitures. Pas de klaxons. Juste le silence vibrant de la ville offerte \u00e0 ses coureurs. Le compte \u00e0 rebours se d\u00e9clenche. \u00c0 votre droite, peut-\u00eatre un ami. \u00c0 votre gauche, un inconnu qui deviendra compagnon d\u2019effort. Devant vous, dix kilom\u00e8tres pour tout donner. Derri\u00e8re vous, des mois d\u2019attente. Voil\u00e0 l\u2019essence de l\u2019Adidas 10K Paris.<\/p>\n<p>En quelques \u00e9ditions \u00e0 peine, cette course s\u2019est impos\u00e9e comme la r\u00e9f\u00e9rence fran\u00e7aise du 10 km urbain, battant chaque ann\u00e9e ses propres records de participation, d\u2019ambiance, de performance et de diversit\u00e9. Et si l\u2019on devait expliquer \u00e0 quelqu\u2019un pourquoi il faut, au moins une fois dans sa vie, prendre ce d\u00e9part, il suffirait peut-\u00eatre de lui dire\u00a0: \u00ab\u00a0Parce qu\u2019il n\u2019y a qu\u2019\u00e0 Paris qu\u2019on peut courir aussi vite dans autant de beaut\u00e9.\u00a0\u00bb<\/p>\n<p><strong>Le C\u0153ur de Paris comme piste d\u2019\u00e9lan<\/strong><br class=\"autobr\"\/><br \/>\nOn conna\u00eet Paris pour ses ponts, ses mus\u00e9es, ses monuments, ses caf\u00e9s. Mais il faut avoir particip\u00e9 \u00e0 l\u2019Adidas 10K pour comprendre \u00e0 quel point cette ville peut se transformer en sc\u00e8ne de th\u00e9\u00e2tre grandeur nature d\u00e9di\u00e9e \u00e0 la course \u00e0 pied. Le trac\u00e9 part de la tr\u00e8s chic place Victor Hugo dans le 16e arrondissement et d\u00e9roule son tapis d\u2019asphalte \u00e0 travers les lieux les plus mythiques de la capitale\u00a0: l\u2019Arc de Triomphe, l\u2019avenue de l\u2019Op\u00e9ra, la rue de Rivoli, le Louvre, les quais de Seine, la Tour Eiffel en ligne d\u2019arriv\u00e9e.<\/p>\n<p>Pas un centim\u00e8tre n\u2019est laiss\u00e9 au hasard. Tout est pens\u00e9 pour l\u2019exp\u00e9rience, pour la sensation de grandeur. Les rues, larges et d\u00e9gag\u00e9es, permettent \u00e0 chaque coureur de trouver son rythme. L\u2019asphalte est lisse, le d\u00e9nivel\u00e9 quasi inexistant, les lignes droites r\u00e9guli\u00e8res\u00a0: c\u2019est un trac\u00e9 pour battre son record. Mais au-del\u00e0 du chrono, ce qui frappe, c\u2019est la magie de courir dans un Paris lib\u00e9r\u00e9 de ses voitures, enti\u00e8rement d\u00e9di\u00e9 \u00e0 la course. Le bruit des baskets sur le bitume devient une bande-son collective. Chaque virage r\u00e9v\u00e8le un nouveau tableau. C\u2019est un Paris qui court, qui danse, qui bat, qui vit.<\/p>\n<p><strong>Un \u00e9v\u00e9nement devenu culte en moins de 10 ans<\/strong><br class=\"autobr\"\/><br \/>\nLanc\u00e9 en 2018 par Amaury Sport Organisation avec le soutien d\u2019Adidas, le 10K Paris est vite pass\u00e9 du statut de nouveaut\u00e9 \u00e0 celui d\u2019incontournable. D\u2019abord pens\u00e9 pour rajeunir le public du running urbain, il a su f\u00e9d\u00e9rer bien plus que des sportifs r\u00e9guliers. En 2024, ce sont plus de 30 000 participants qui ont foul\u00e9 les rues de Paris, venus de 25 nationalit\u00e9s diff\u00e9rentes, dans une ambiance r\u00e9solument pop, inclusive et festive.<\/p>\n<p>Les chiffres parlent d\u2019eux-m\u00eames\u00a0: en six ans, le nombre d\u2019inscrits a plus que tripl\u00e9. On y croise autant des coureurs \u00e9lite en moins de 30 minutes que des d\u00e9butants qui s\u2019\u00e9lancent pour leur premier 10 km avec un sourire immense et une motivation d\u00e9bordante. Le format unique en France, sur une seule boucle, dans une capitale aussi embl\u00e9matique, en fait un mod\u00e8le que bien d\u2019autres villes tentent de copier. Mais Paris, dans ce domaine aussi, reste inimitable.<\/p>\n<p><strong>Une exp\u00e9rience \u00e0 vivre autant qu\u2019\u00e0 courir<\/strong><br class=\"autobr\"\/><br \/>\nCe qui fait le charme de l\u2019Adidas 10K, ce n\u2019est pas seulement son parcours. C\u2019est tout ce qu\u2019il y a autour. D\u00e8s le jeudi, le village coureur ouvre ses portes sur l\u2019avenue Foch\u00a0: un condens\u00e9 d\u2019univers lifestyle, sportif et festif. On y retire son dossard, bien s\u00fbr, mais on y d\u00e9couvre aussi les derni\u00e8res collections Adidas, des stands partenaires, des zones d\u2019\u00e9chauffement encadr\u00e9es par des coachs, et des performances de street art ou de musique urbaine.<\/p>\n<p>Le samedi, l\u2019ambiance monte encore d\u2019un cran avec des entra\u00eenements collectifs, des workshops sur la nutrition ou la respiration, des courses enfants, et des surprises musicales. L\u2019Adidas 10K, c\u2019est un week-end complet, une c\u00e9l\u00e9bration du mouvement, du collectif, de la ville. Le dimanche matin, au d\u00e9part, le silence laisse place \u00e0 une \u00e9nergie pure, presque mystique. Quand le coup de canon retentit, c\u2019est toute une ville qui respire au rythme de ses coureurs.<\/p>\n<p><strong>Un terrain de jeu pour tous les niveaux<\/strong><br class=\"autobr\"\/><br \/>\nL\u2019un des grands m\u00e9rites de l\u2019\u00e9v\u00e9nement est son accessibilit\u00e9. On peut venir viser les 29 minutes, comme Hassan Chahdi, recordman du parcours, ou se donner pour objectif de franchir la ligne en moins d\u2019une heure. Le temps maximum est fix\u00e9 \u00e0 1h30, ce qui laisse de la place \u00e0 tous les rythmes. Des sas de d\u00e9part sont organis\u00e9s en fonction de l\u2019objectif chronom\u00e9trique, et chacun y trouve son espace.<\/p>\n<p>Mais ce qui frappe, c\u2019est la bienveillance qui r\u00e8gne entre les coureurs. On se parle, on s\u2019encourage, on s\u2019offre des regards complices dans la mont\u00e9e de l\u2019avenue de l\u2019Op\u00e9ra, on se tape dans la main dans les derniers hectom\u00e8tres sur les quais. Pour les d\u00e9butants, c\u2019est une initiation en douceur au monde de la course sur route. Pour les habitu\u00e9s, une chance de revivre ce frisson d\u2019avant-d\u00e9part qu\u2019aucun tapis de salle ne pourra jamais \u00e9galer.<\/p>\n<p><strong>Une m\u00e9canique bien huil\u00e9e, une organisation millim\u00e9tr\u00e9e<\/strong><br class=\"autobr\"\/><br \/>\nRien n\u2019est laiss\u00e9 au hasard. Le retrait des dossards est rapide, les consignes fluides, les ravitaillements bien plac\u00e9s. Un poste d\u2019eau au 5e kilom\u00e8tre, un grand stand d\u2019arriv\u00e9e bien achaland\u00e9, des toilettes mobiles \u00e0 chaque point cl\u00e9. Le service m\u00e9dical est discret mais pr\u00e9sent, les b\u00e9n\u00e9voles nombreux et souriants.<\/p>\n<p>Les transports en commun sont fortement recommand\u00e9s\u00a0: les lignes 1, 2, 6 et le RER A d\u00e9posent les coureurs \u00e0 moins de 500 m\u00e8tres du d\u00e9part. Et pour les spectateurs, la carte interactive permet de suivre et encourager leurs proches \u00e0 plusieurs points du parcours, cr\u00e9ant une ambiance conviviale et motivante \u00e0 chaque carrefour.<\/p>\n<p><strong>Des souvenirs \u00e0 vie, des records \u00e0 la cl\u00e9<\/strong><br class=\"autobr\"\/><br \/>\nPour beaucoup, le plus beau moment reste l\u2019arriv\u00e9e. Lorsque la Tour Eiffel surgit au bout de la ligne droite, que l\u2019on entend d\u00e9j\u00e0 la musique de l\u2019after-race, que la foule se densifie\u2026 on sait qu\u2019on y est presque. Que l\u2019on ait couru en 35 ou en 75 minutes, franchir cette ligne avec la Dame de Fer en t\u00e9moin est un moment grav\u00e9 pour toujours. Et la m\u00e9daille finisher, stylis\u00e9e, design\u00e9e par des artistes urbains, est bien plus qu\u2019un souvenir\u00a0: elle est le symbole d\u2019un accomplissement.<\/p>\n<p>Certains battent leur record personnel. D\u2019autres courent pour une cause, pour un proche, ou juste pour le plaisir. Tous repartent chang\u00e9s. L\u2019Adidas 10K Paris, c\u2019est aussi cela\u00a0: une machine \u00e0 fabriquer des souvenirs.<\/p>\n<p><strong>Le pouls d\u2019un Paris qui court<\/strong><br class=\"autobr\"\/><br \/>\nChaque ann\u00e9e, ils sont de plus en plus nombreux \u00e0 se lever \u00e0 l\u2019aube un dimanche de juin pour vivre cette aventure. Ils viennent de Paris, de Marseille, de Berlin ou de Tokyo. Ils ont 16 ou 60 ans. Ils courent vite ou lentement. Ils ont des baskets neuves ou us\u00e9es. Mais tous ont ce point commun\u00a0: pendant 10 kilom\u00e8tres, ils veulent vivre quelque chose de plus grand qu\u2019eux.<\/p>\n<p>L\u2019Adidas 10K Paris n\u2019est pas juste une course. C\u2019est une d\u00e9claration. Une promesse. Une communion. C\u2019est Paris au pas de course, Paris au rythme du c\u0153ur, Paris pour tous. Et c\u2019est ce qui en fait un \u00e9v\u00e9nement inoubliable. Si vous n\u2019avez encore jamais pris ce d\u00e9part, sachez-le\u00a0: il y a un avant et un apr\u00e8s. Et une seule question qui vous hantera ensuite\u00a0: \u00ab\u00a0Pourquoi ai-je attendu si longtemps\u202f\u00a0?\u00a0\u00bb<\/p>\n","protected":false},"excerpt":{"rendered":"Plus qu\u2019un chrono, une d\u00e9claration Imaginez-vous au petit matin, entour\u00e9 par une mar\u00e9e de coureurs exalt\u00e9s, \u00e0 quelques&hellip;\n","protected":false},"author":2,"featured_media":159504,"comment_status":"","ping_status":"","sticky":false,"template":"","format":"standard","meta":{"footnotes":""},"categories":[1888],"tags":[11,4132,29089,29095,29098,7712,29100,10049,29094,29092,1777,674,29096,1011,27,8471,29090,8309,7178,29097,29086,12,626,29101,29102,29091,25,29093,8567,29088,29099,29087],"class_list":{"0":"post-159503","1":"post","2":"type-post","3":"status-publish","4":"format-standard","5":"has-post-thumbnail","7":"category-paris","8":"tag-actualites","9":"tag-athletisme","10":"tag-calendrier-des-marathons","11":"tag-competition-running","12":"tag-coureurs","13":"tag-course-a-pied","14":"tag-course-nature","15":"tag-course-sur-route","16":"tag-dossards","17":"tag-entrainement-course-a-pied","18":"tag-eu","19":"tag-europe","20":"tag-evenements-sportifs","21":"tag-fr","22":"tag-france","23":"tag-handisport","24":"tag-inscription-marathon","25":"tag-jogging","26":"tag-marathon","27":"tag-marathon-relais","28":"tag-marathons","29":"tag-news","30":"tag-paris","31":"tag-performance-sportive","32":"tag-plan-d","33":"tag-preparation-marathon","34":"tag-republique-francaise","35":"tag-resultats-courses","36":"tag-semi-marathon","37":"tag-trail-running","38":"tag-ultra-trail","39":"tag-ultra-marathon"},"share_on_mastodon":{"url":"","error":"Validation failed: Text character limit of 500 exceeded"},"_links":{"self":[{"href":"https:\/\/www.europesays.com\/fr\/wp-json\/wp\/v2\/posts\/159503","targetHints":{"allow":["GET"]}}],"collection":[{"href":"https:\/\/www.europesays.com\/fr\/wp-json\/wp\/v2\/posts"}],"about":[{"href":"https:\/\/www.europesays.com\/fr\/wp-json\/wp\/v2\/types\/post"}],"author":[{"embeddable":true,"href":"https:\/\/www.europesays.com\/fr\/wp-json\/wp\/v2\/users\/2"}],"replies":[{"embeddable":true,"href":"https:\/\/www.europesays.com\/fr\/wp-json\/wp\/v2\/comments?post=159503"}],"version-history":[{"count":0,"href":"https:\/\/www.europesays.com\/fr\/wp-json\/wp\/v2\/posts\/159503\/revisions"}],"wp:featuredmedia":[{"embeddable":true,"href":"https:\/\/www.europesays.com\/fr\/wp-json\/wp\/v2\/media\/159504"}],"wp:attachment":[{"href":"https:\/\/www.europesays.com\/fr\/wp-json\/wp\/v2\/media?parent=159503"}],"wp:term":[{"taxonomy":"category","embeddable":true,"href":"https:\/\/www.europesays.com\/fr\/wp-json\/wp\/v2\/categories?post=159503"},{"taxonomy":"post_tag","embeddable":true,"href":"https:\/\/www.europesays.com\/fr\/wp-json\/wp\/v2\/tags?post=159503"}],"curies":[{"name":"wp","href":"https:\/\/api.w.org\/{rel}","templated":true}]}}