{"id":159512,"date":"2025-06-07T22:54:13","date_gmt":"2025-06-07T22:54:13","guid":{"rendered":"https:\/\/www.europesays.com\/fr\/159512\/"},"modified":"2025-06-07T22:54:13","modified_gmt":"2025-06-07T22:54:13","slug":"allemagne-france-diffusion-tv-et-en-clair-streaming-et-compos-probables","status":"publish","type":"post","link":"https:\/\/www.europesays.com\/fr\/159512\/","title":{"rendered":"Allemagne &#8211; France : Diffusion TV et en clair, streaming et compos probables"},"content":{"rendered":"<p data-testid=\"article-teaser\">Bronze ou regrets ? Dimanche, les Bleus affrontent la Mannschaft pour finir la saison sur une note positive. Une revanche mentale \u00e0 prendre.<\/p>\n<p><a href=\"https:\/\/www.goal.com\/fr\/listes\/france-espagne-4-5-de-l-humiliation-a-l-exploit-rate-le-match-le-plus-fou-de-l-annee\/blt930d12ddb3712b79\" target=\"_self\" rel=\"noopener\">Apr\u00e8s la gifle subie face \u00e0 l\u2019Espagne (5-4) en demi-finale<\/a>, les joueurs de Didier Deschamps retrouvent la pelouse, non pas pour la gloire, mais pour l\u2019honneur. Dimanche 8 juin 2025, \u00e0 Stuttgart, l\u2019\u00e9quipe de France d\u00e9fie l\u2019Allemagne dans la petite finale de la Ligue des nations. Les deux s\u00e9lections doivent composer avec la d\u00e9ception et les absences. Mais la troisi\u00e8me place reste en jeu, tout comme la fiert\u00e9.<\/p>\n<p>Un match pour tourner la page<\/p>\n<p>Le revers contre la Roja reste dans les t\u00eates. Cinq buts encaiss\u00e9s, un sc\u00e9nario fou et une d\u00e9fense aux abois : la France a montr\u00e9 des fragilit\u00e9s rares. Il faut remonter \u00e0 1969 pour retrouver un tel naufrage d\u00e9fensif. Ce match contre l\u2019Allemagne tombe \u00e0 point nomm\u00e9 pour reprendre le fil. Certains pourraient profiter de l\u2019occasion pour se montrer.<\/p>\n<p>Parmi eux, Rayan Cherki, qui a \u00e9lectris\u00e9 la fin de match face \u00e0 l\u2019Espagne, <a href=\"https:\/\/www.goal.com\/fr\/listes\/france-allemagne-didier-deschamps-a-tranche-pour-rayan-cherki\/bltb16dc18e7759230a\" target=\"_self\" rel=\"noopener\">pourrait avoir sa chance d\u2019entr\u00e9e<\/a>. Le s\u00e9lectionneur pourrait injecter un peu de sang neuf pour relancer ses troupes.<\/p>\n<p><img alt=\"FBL-EUR-NATIONS-FRA-TRAINING\" fetchpriority=\"auto\" loading=\"lazy\" width=\"5117\" height=\"3263\" decoding=\"async\" data-nimg=\"1\" class=\"component-image\" style=\"color:transparent;aspect-ratio:5117 \/ 3263\"   src=\"https:\/\/www.europesays.com\/fr\/wp-content\/uploads\/2025\/06\/GettyImages-2218407571.jpg\"\/>AFPL\u2019Allemagne aussi cherche un second souffle<\/p>\n<p>De son c\u00f4t\u00e9, la Mannschaft n\u2019a pas \u00e9t\u00e9 \u00e0 la hauteur face au Portugal (1-2). Manque de pr\u00e9cision, rel\u00e2chement coupable : les hommes de Nagelsmann ont craqu\u00e9. Sans Antonio R\u00fcdiger ni Jamal Musiala, ils devront s\u2019accrocher pour \u00e9viter un second revers de suite.<\/p>\n<p>Leon Goretzka n\u2019a pas m\u00e2ch\u00e9 ses mots en interne, pointant un souci de coh\u00e9sion. Une r\u00e9action est attendue sur le terrain ce dimanche.<\/p>\n<p>Horaire et lieu du match<\/p>\n<p>Allemagne &#8211; France<\/p>\n<p>Match de classement de Ligue des Nations<\/p>\n<p>Lieu : Mercedes-Benz Arena (Stuttgart)<\/p>\n<p>A 15h fran\u00e7aise<\/p>\n<p>Les compos probables du match Allemagne &#8211; France<\/p>\n<p><strong>Allemagne<\/strong> : Ter Stegen &#8211; Kimmich, Tah, Koch, Gosens &#8211; Goretzka, Gross &#8211; Gnabry, Wirtz, San\u00e9 &#8211; F\u00fcllkrug<\/p>\n<p><strong>France<\/strong> : Maignan &#8211; Gusto, Konat\u00e9, L. Hernandez, Digne &#8211; Kon\u00e9, Rabiot &#8211; Olise, Cherki, Dou\u00e9 &#8211; Mbapp\u00e9<\/p>\n<p>Sur quelle cha\u00eene suivre le match Allemagne &#8211; France ?<\/p>\n<p>La rencontre entre l\u2019Allemagne et la France sera \u00e0 suivre ce dimanche 08 juin 2025 \u00e0 partir de 15h sur TF1. Il vous sera aussi possible de visionner le match en streaming sur la plateforme d\u00e9di\u00e9e du groupe, MyTF1.<\/p>\n","protected":false},"excerpt":{"rendered":"Bronze ou regrets ? Dimanche, les Bleus affrontent la Mannschaft pour finir la saison sur une note positive.&hellip;\n","protected":false},"author":2,"featured_media":159513,"comment_status":"","ping_status":"","sticky":false,"template":"","format":"standard","meta":{"footnotes":""},"categories":[1587],"tags":[11,672,29103,1804,1805,1803,1777,674,27,1801,29104,12,1802,28966],"class_list":{"0":"post-159512","1":"post","2":"type-post","3":"status-publish","4":"format-standard","5":"has-post-thumbnail","7":"category-allemagne","8":"tag-actualites","9":"tag-allemagne","10":"tag-allemagne-vs-france","11":"tag-bundesrepublik-deutschland","12":"tag-de","13":"tag-deutschland","14":"tag-eu","15":"tag-europe","16":"tag-france","17":"tag-germany","18":"tag-germany-vs-france","19":"tag-news","20":"tag-republique-federale-dallemagne","21":"tag-uefa-nations-league-a"},"share_on_mastodon":{"url":"https:\/\/pubeurope.com\/@fr\/114644547271992062","error":""},"_links":{"self":[{"href":"https:\/\/www.europesays.com\/fr\/wp-json\/wp\/v2\/posts\/159512","targetHints":{"allow":["GET"]}}],"collection":[{"href":"https:\/\/www.europesays.com\/fr\/wp-json\/wp\/v2\/posts"}],"about":[{"href":"https:\/\/www.europesays.com\/fr\/wp-json\/wp\/v2\/types\/post"}],"author":[{"embeddable":true,"href":"https:\/\/www.europesays.com\/fr\/wp-json\/wp\/v2\/users\/2"}],"replies":[{"embeddable":true,"href":"https:\/\/www.europesays.com\/fr\/wp-json\/wp\/v2\/comments?post=159512"}],"version-history":[{"count":0,"href":"https:\/\/www.europesays.com\/fr\/wp-json\/wp\/v2\/posts\/159512\/revisions"}],"wp:featuredmedia":[{"embeddable":true,"href":"https:\/\/www.europesays.com\/fr\/wp-json\/wp\/v2\/media\/159513"}],"wp:attachment":[{"href":"https:\/\/www.europesays.com\/fr\/wp-json\/wp\/v2\/media?parent=159512"}],"wp:term":[{"taxonomy":"category","embeddable":true,"href":"https:\/\/www.europesays.com\/fr\/wp-json\/wp\/v2\/categories?post=159512"},{"taxonomy":"post_tag","embeddable":true,"href":"https:\/\/www.europesays.com\/fr\/wp-json\/wp\/v2\/tags?post=159512"}],"curies":[{"name":"wp","href":"https:\/\/api.w.org\/{rel}","templated":true}]}}