{"id":159525,"date":"2025-06-07T23:02:10","date_gmt":"2025-06-07T23:02:10","guid":{"rendered":"https:\/\/www.europesays.com\/fr\/159525\/"},"modified":"2025-06-07T23:02:10","modified_gmt":"2025-06-07T23:02:10","slug":"le-stade-francais-maintenu-en-top-14-perpignan-va-devoir-passer-par-un-barrage-face-a-grenoble-vannes-relegue-lequipe","status":"publish","type":"post","link":"https:\/\/www.europesays.com\/fr\/159525\/","title":{"rendered":"Le Stade Fran\u00e7ais maintenu en Top 14, Perpignan va devoir passer par un barrage face \u00e0 Grenoble, Vannes rel\u00e9gu\u00e9 &#8211; L&#039;\u00c9quipe"},"content":{"rendered":"<ol>\n<li><a href=\"https:\/\/news.google.com\/rss\/articles\/CBMi7gFBVV95cUxOQTJqMHRzOUM2TmlGWUxzQS1mWC1SX19Sc3FodUowYk9KNzJaMWRFTW5ZaUpLM3cycE0tYkNZdHVhZjdURGtMSi12clB3Y1JxU192M010TU9UWWlJX3hHa0tUeUgxN3VvcjJKd2ZIOWwxUkZ2MEhvYWJPaUhDNGx3M2Y2Z1hScUFPbkZTS0JHWVFrU2hnYmtScFFGVW5ISkVVc2JVRXlQc3JRclFSLXpMTEVabDlnOE9kdWRsclJib0lyTTdVa3FCNC1aM3YtY2pGNkpWVEc1R0t6OFptYkxfR3UxYWpTdl9Xd3l5d1dR?oc=5\" target=\"_blank\" rel=\"noopener\">Le Stade Fran\u00e7ais maintenu en Top 14, Perpignan va devoir passer par un barrage face \u00e0 Grenoble, Vannes rel\u00e9gu\u00e9<\/a>&nbsp;&nbsp;L&rsquo;\u00c9quipe<\/li>\n<li><a href=\"https:\/\/news.google.com\/rss\/articles\/CBMi3wFBVV95cUxPRUxFV3p2dDdTSmV4enJ3NEs5ZWhWZ3JnbXpMa2lzUGRMRmFkWFZjbkVScFRWak1Dam10MEhTSEhaWTBaVE11QlJmcXg0S0xDcllkM0NWOXpCVklwRENPQlpxWkw1RHEybmpfZm5CODJaVVQtMEtnczIzd20weXBBX0RlRWR2WXNuTVRfaXZsRVljRWtFa2NXdVhtbmdRbWlERkZzSWFiMkxJTjE2U2M1UWc5SDBBenlkSmg5VUk0VTlHZ1J0a2dydmY0NEVCa3A5QnhWRHdidE03YTItdHBv?oc=5\" target=\"_blank\" rel=\"noopener\">Direct. Top 14 &#8211; Paris et le CO ont leur destin entre les mains&#8230;Suivez la rencontre de la 26e journ\u00e9e<\/a>&nbsp;&nbsp;Rugbyrama<\/li>\n<li><a href=\"https:\/\/news.google.com\/rss\/articles\/CBMi-AFBVV95cUxQRVUwMUZ3UHBQb0k0dWkyRzhxaHl0Y1k0TjllaFZ2Z3U1aHA0MTA0SjYwU1RkN3pYblB5aTBibmxqLWNsZ21ucHdZLVkxWGFHOEZEOVpGRWtQQUV6dGx5dTBNUzB4cUZoSE5SQjJTYU1pUlp6cG8tZzRDZzlrbXhLMkc3Q1UwRkxRWE9acUcyQ3pjWHNqbUxYQ3Y3NHpJb3JPTHN2YlJkbE1nMzFEaUYyWUZUOXMtdVlZWE1FRmlpSkJodDVsWnp6SW01QXdpV3prTFVpMWgwTFhvbDVxdDlzT0NlU1kzMzBqTUVFYXFjei1PR0l2dXE0Uw?oc=5\" target=\"_blank\" rel=\"noopener\">CO : Castres qualifi\u00e9 mais inexistant \u00e0 Paris\u2026 Battus, les Tarnais iront d\u00e9fier Toulon sur sa pelouse en \u00ab\u00a0quart\u00a0\u00bb de finale<\/a>&nbsp;&nbsp;ladepeche.fr<\/li>\n<li><a href=\"https:\/\/news.google.com\/rss\/articles\/CBMilgFBVV95cUxQeVNJY3FZWHhkLWxUMzFXUEpRSWpSNHdvNDN0SU80LVNzdFVreFkxSGFnYXVmQTJzaHhwZHExX05uTFJZVHZaTXBZZWJPaDIzLUtvNmx1eFNxTXFwRDRWQ0tGRHFwRG4xcFplZE9jRl9NOTN1dGF2VDFNbzVWWlJfZmlWNnM1QXBra2duVjd0bkpYVmhMV0E?oc=5\" target=\"_blank\" rel=\"noopener\">La composition parisienne face \u00e0 Castres<\/a>&nbsp;&nbsp;stade.fr<\/li>\n<li><a href=\"https:\/\/news.google.com\/rss\/articles\/CBMitgFBVV95cUxOVzFsNk1DMzNJeTdfNkFQY3VhS0Q5d1E4OXdpSFlCWXBQbVY4Sk4zYmlGNS1ZYkV6QUJXb291MWFjdlZlRkZscjFjVEUwZTVCOVdJZmczR0NkaEdRajRsQ1Fxd2VHXzNzLVVZTWlVTGRBemNRdmduNC1zUzBYc2JGS2c3WnNQZ3Uwbk9ZUVc5Y2locFJMblFZak1oYUoydkR1bHNpTU5YdnBDaFNYaU44bi02R3F5QQ?oc=5\" target=\"_blank\" rel=\"noopener\">Top 14: comment le Stade Fran\u00e7ais est revenu de l&rsquo;enfer<\/a>&nbsp;&nbsp;RMC Sport<\/li>\n<\/ol>\n","protected":false},"excerpt":{"rendered":"Le Stade Fran\u00e7ais maintenu en Top 14, Perpignan va devoir passer par un barrage face \u00e0 Grenoble, Vannes&hellip;\n","protected":false},"author":2,"featured_media":159526,"comment_status":"","ping_status":"","sticky":false,"template":"","format":"standard","meta":{"footnotes":""},"categories":[1416],"tags":[1011,27,479,1468,60],"class_list":{"0":"post-159525","1":"post","2":"type-post","3":"status-publish","4":"format-standard","5":"has-post-thumbnail","7":"category-rugby","8":"tag-fr","9":"tag-france","10":"tag-rugby","11":"tag-rugby-football","12":"tag-sports"},"share_on_mastodon":{"url":"https:\/\/pubeurope.com\/@fr\/114644578710725876","error":""},"_links":{"self":[{"href":"https:\/\/www.europesays.com\/fr\/wp-json\/wp\/v2\/posts\/159525","targetHints":{"allow":["GET"]}}],"collection":[{"href":"https:\/\/www.europesays.com\/fr\/wp-json\/wp\/v2\/posts"}],"about":[{"href":"https:\/\/www.europesays.com\/fr\/wp-json\/wp\/v2\/types\/post"}],"author":[{"embeddable":true,"href":"https:\/\/www.europesays.com\/fr\/wp-json\/wp\/v2\/users\/2"}],"replies":[{"embeddable":true,"href":"https:\/\/www.europesays.com\/fr\/wp-json\/wp\/v2\/comments?post=159525"}],"version-history":[{"count":0,"href":"https:\/\/www.europesays.com\/fr\/wp-json\/wp\/v2\/posts\/159525\/revisions"}],"wp:featuredmedia":[{"embeddable":true,"href":"https:\/\/www.europesays.com\/fr\/wp-json\/wp\/v2\/media\/159526"}],"wp:attachment":[{"href":"https:\/\/www.europesays.com\/fr\/wp-json\/wp\/v2\/media?parent=159525"}],"wp:term":[{"taxonomy":"category","embeddable":true,"href":"https:\/\/www.europesays.com\/fr\/wp-json\/wp\/v2\/categories?post=159525"},{"taxonomy":"post_tag","embeddable":true,"href":"https:\/\/www.europesays.com\/fr\/wp-json\/wp\/v2\/tags?post=159525"}],"curies":[{"name":"wp","href":"https:\/\/api.w.org\/{rel}","templated":true}]}}