{"id":159535,"date":"2025-06-07T23:08:10","date_gmt":"2025-06-07T23:08:10","guid":{"rendered":"https:\/\/www.europesays.com\/fr\/159535\/"},"modified":"2025-06-07T23:08:10","modified_gmt":"2025-06-07T23:08:10","slug":"ol-la-tentative-desesperee-de-fenerbahce-pour-rayan-cherki","status":"publish","type":"post","link":"https:\/\/www.europesays.com\/fr\/159535\/","title":{"rendered":"OL, la tentative d\u00e9sesp\u00e9r\u00e9e de Fenerbah\u00e7e pour Rayan Cherki"},"content":{"rendered":"<p data-testid=\"article-teaser\">Alors que Rayan Cherki se dirige vers la Premier League, Fenerbah\u00e7e tente de chambouler les plans du Fran\u00e7ais et de l\u2019OL.<\/p>\n<p>Alors que tout semble indiquer un d\u00e9part imminent de Rayan Cherki vers Manchester City, un dernier rebondissement inattendu \u00e9merge du c\u00f4t\u00e9 de la Turquie. Le Fenerbah\u00e7e de Jos\u00e9 Mourinho aurait tent\u00e9 de se glisser dans le dossier, malgr\u00e9 un retard consid\u00e9rable et un adversaire de taille. Une op\u00e9ration aux allures de mission impossible, mais r\u00e9v\u00e9latrice de la nouvelle stature internationale du prodige lyonnais.<\/p>\n<p>L&rsquo;article continue ci-dessous<\/p>\n","protected":false},"excerpt":{"rendered":"Alors que Rayan Cherki se dirige vers la Premier League, Fenerbah\u00e7e tente de chambouler les plans du Fran\u00e7ais&hellip;\n","protected":false},"author":2,"featured_media":159536,"comment_status":"","ping_status":"","sticky":false,"template":"","format":"standard","meta":{"footnotes":""},"categories":[1410],"tags":[27990,63,1011,27,66,2428,16663,1434,70,12054,60,29105,28401],"class_list":{"0":"post-159535","1":"post","2":"type-post","3":"status-publish","4":"format-standard","5":"has-post-thumbnail","7":"category-football","8":"tag-fenerbahce","9":"tag-football","10":"tag-fr","11":"tag-france","12":"tag-ligue-1","13":"tag-lyon","14":"tag-manchester-city","15":"tag-mercato","16":"tag-premier-league","17":"tag-r-cherki","18":"tag-sports","19":"tag-super-lig","20":"tag-transfers"},"share_on_mastodon":{"url":"https:\/\/pubeurope.com\/@fr\/114644602506973222","error":""},"_links":{"self":[{"href":"https:\/\/www.europesays.com\/fr\/wp-json\/wp\/v2\/posts\/159535","targetHints":{"allow":["GET"]}}],"collection":[{"href":"https:\/\/www.europesays.com\/fr\/wp-json\/wp\/v2\/posts"}],"about":[{"href":"https:\/\/www.europesays.com\/fr\/wp-json\/wp\/v2\/types\/post"}],"author":[{"embeddable":true,"href":"https:\/\/www.europesays.com\/fr\/wp-json\/wp\/v2\/users\/2"}],"replies":[{"embeddable":true,"href":"https:\/\/www.europesays.com\/fr\/wp-json\/wp\/v2\/comments?post=159535"}],"version-history":[{"count":0,"href":"https:\/\/www.europesays.com\/fr\/wp-json\/wp\/v2\/posts\/159535\/revisions"}],"wp:featuredmedia":[{"embeddable":true,"href":"https:\/\/www.europesays.com\/fr\/wp-json\/wp\/v2\/media\/159536"}],"wp:attachment":[{"href":"https:\/\/www.europesays.com\/fr\/wp-json\/wp\/v2\/media?parent=159535"}],"wp:term":[{"taxonomy":"category","embeddable":true,"href":"https:\/\/www.europesays.com\/fr\/wp-json\/wp\/v2\/categories?post=159535"},{"taxonomy":"post_tag","embeddable":true,"href":"https:\/\/www.europesays.com\/fr\/wp-json\/wp\/v2\/tags?post=159535"}],"curies":[{"name":"wp","href":"https:\/\/api.w.org\/{rel}","templated":true}]}}