{"id":159537,"date":"2025-06-07T23:09:09","date_gmt":"2025-06-07T23:09:09","guid":{"rendered":"https:\/\/www.europesays.com\/fr\/159537\/"},"modified":"2025-06-07T23:09:09","modified_gmt":"2025-06-07T23:09:09","slug":"emmanuel-et-brigitte-macron-ils-retrouvent-charlene-et-albert-de-monaco-mais-leurs-jumeaux-leur-volent-la-vedette","status":"publish","type":"post","link":"https:\/\/www.europesays.com\/fr\/159537\/","title":{"rendered":"Emmanuel et Brigitte Macron : ils retrouvent Charlene et Albert de Monaco mais leurs jumeaux leur volent la vedette"},"content":{"rendered":"<p data-start=\"92\" data-end=\"758\">Visite au sommet ce samedi 7 juin<br \/>\n2025 sur le Rocher ! \u00c0 l\u2019approche de <strong>la grande conf\u00e9rence<br \/>\ndes Nations unies<\/strong> sur la protection des oc\u00e9ans organis\u00e9e \u00e0<br \/>\nNice, <a href=\"https:\/\/www.closermag.fr\/politique\/emmanuel-et-brigitte-macron-a-monaco-leurs-retrouvailles-avec-albert-et-charlene-a-dores-et-deja-marque-lhistoire-3552436\" target=\"_blank\" rel=\"noopener\"><br \/>\nEmmanuel et Brigitte Macron<\/a> ont fait escale \u00e0 Monaco. Accueilli<br \/>\nen toute \u00e9l\u00e9gance par le prince Albert et la princesse Charlene, le<br \/>\ncouple pr\u00e9sidentiel a eu droit \u00e0 <strong>une r\u00e9ception des plus<br \/>\nsolennelles<\/strong>\u2026 mais ce sont <strong>deux jeunes invit\u00e9s<br \/>\nsurprises<\/strong> qui leur ont (gentiment) vol\u00e9 la vedette.<\/p>\n<p data-start=\"92\" data-end=\"758\"><a href=\"https:\/\/www.closermag.fr\/royautes\/jacques-et-gabriella-de-monaco-grand-jour-pour-les-jumeaux-de-charlene-plus-maigre-que-jamais-3543706\" target=\"_blank\" rel=\"noopener\"><br \/>\nJacques et Gabriella de Monaco<\/a>, les jumeaux du couple princier,<br \/>\nont brill\u00e9 de mille feux lors de <strong>cette rencontre<br \/>\nofficielle<\/strong>. \u00c0 seulement 10 ans, les enfants de Charlene et<br \/>\nAlbert ont offert une v\u00e9ritable le\u00e7on de style\u2026 et de charme.<\/p>\n<blockquote class=\"twitter-tweet\"><p><a class=\"twitter-link\" rel=\"noindex, nofollow noopener\" href=\"https:\/\/twitter.com\/implmaterial\/status\/1931372284406571285\" target=\"_blank\"><\/p><\/blockquote>\n<p>Les jumeaux de Monaco \u00e0<br \/>\nl&rsquo;honneur<\/p>\n<p data-start=\"810\" data-end=\"1570\"><strong>Costume bien taill\u00e9,<br \/>\ncravate chic<\/strong> et posture de gentleman, Jacques avait tout<br \/>\ndu <strong>mini prince<\/strong> pr\u00eat \u00e0 r\u00e9gner sur les projecteurs.<br \/>\n\u00c0 ses c\u00f4t\u00e9s, sa s\u0153ur Gabriella, dans une robe l\u00e9g\u00e8re aux airs de<br \/>\nhaute couture, a illumin\u00e9 le perron du palais. Cheveux<br \/>\nsoigneusement l\u00e2ch\u00e9s et regard p\u00e9tillant, la fillette a prouv\u00e9<br \/>\nqu\u2019elle avait h\u00e9rit\u00e9 du <strong>charisme naturel<\/strong> de sa<br \/>\nmaman.<\/p>\n<p data-start=\"810\" data-end=\"1570\">Tout sourire, un brin timides,<br \/>\nles deux enfants ont salu\u00e9 le pr\u00e9sident de la R\u00e9publique et son<br \/>\n\u00e9pouse avec une aisance qui a fait fondre l\u2019assembl\u00e9e. Mention<br \/>\nsp\u00e9ciale pour la jeune Gabriella qui s\u2019est avanc\u00e9e avec gr\u00e2ce vers<br \/>\nBrigitte Macron pour lui offrir <strong>un bouquet de<br \/>\nroses<\/strong>. Une attention d\u00e9licate qui a touch\u00e9 en plein c\u0153ur<br \/>\nla premi\u00e8re dame. \u00c0 Monaco, on sait recevoir, et avec style s\u2019il<br \/>\nvous pla\u00eet !<\/p>\n<p>Emmanuel et Brigitte Macron sous le charme des h\u00e9ritiers<\/p>\n<p data-start=\"1613\" data-end=\"2327\">Brigitte Macron, fid\u00e8le \u00e0 son<br \/>\n\u00e9l\u00e9gance l\u00e9gendaire, arborait une tenue claire aux lignes<br \/>\nstructur\u00e9es, parfaite pour cette visite empreinte de symboles. \u00c0<br \/>\nses c\u00f4t\u00e9s, Emmanuel Macron n\u2019a pas manqu\u00e9 de partager un moment<br \/>\ncomplice avec <a href=\"https:\/\/www.closermag.fr\/royautes\/albert-de-monaco-ses-enfants-et-leurs-cousins-posent-ensemble-cette-rare-photo-de-famille-devoilee-3551200\" target=\"_blank\" rel=\"noopener\"><br \/>\nle prince Albert<\/a>, dans un \u00e9change aussi cordial que<br \/>\ndiplomatique. Mais entre deux discussions sur l\u2019avenir des oc\u00e9ans<br \/>\net les enjeux environnementaux, c\u2019est bien <strong>l\u2019\u00e9nergie<br \/>\nsolaire des enfants<\/strong> qui a illumin\u00e9 l\u2019\u00e9v\u00e9nement.<\/p>\n<p data-start=\"1613\" data-end=\"2327\">\u00ab\u00a0Gabriella et Jacques sont<br \/>\n<strong>tr\u00e8s polis, tr\u00e8s curieux<\/strong>, et tr\u00e8s conscients du<br \/>\nr\u00f4le qu\u2019ils ont \u00e0 jouer\u00a0\u00bb, confiait r\u00e9cemment un proche de la<br \/>\nprincipaut\u00e9 \u00e0 Point de<br \/>\nVue. Ce samedi 7 juin, ils ont prouv\u00e9 qu\u2019ils pouvaient aussi<br \/>\nfaire de l\u2019ombre aux plus grands \u2013 sans forcer. Ce rendez-vous sur<br \/>\nle Rocher marquait aussi les retrouvailles de <strong>deux couples<br \/>\ntr\u00e8s observ\u00e9s<\/strong>. Entre Brigitte Macron et <a href=\"https:\/\/www.closermag.fr\/royautes\/monte-carlo-j-7-decollete-plongeant-epaule-denudee-charlene-de-monaco-et-son-festival-du-glamour-3552003\" target=\"_blank\" rel=\"noopener\"><br \/>\nCharlene de Monaco<\/a>, l\u2019\u00e9l\u00e9gance semble \u00eatre une langue<br \/>\ncommune.<\/p>\n<p data-start=\"1613\" data-end=\"2327\"><strong>Souriantes et<br \/>\ncomplices<\/strong>, les deux femmes ont \u00e9chang\u00e9 de longues minutes,<br \/>\ndans une ambiance d\u00e9tendue. Une douce parenth\u00e8se avant la<br \/>\nconf\u00e9rence de haut niveau pr\u00e9vue lundi, o\u00f9 il sera question de la<br \/>\nsauvegarde de nos mers et oc\u00e9ans. Mais pour l&rsquo;heure, c\u2019est bien<br \/>\n<strong>la fra\u00eecheur de Jacques et Gabriella<\/strong> qui a fait<br \/>\nsensation. Stars d\u2019un jour, ambassadeurs d\u2019un avenir prometteur,<br \/>\nles jumeaux de Monaco ont d\u00e9croch\u00e9 les honneurs&#8230; et les<br \/>\nflashs.<\/p>\n<p><script async src=\"https:\/\/platform.twitter.com\/widgets.js\" charset=\"utf-8\"><\/script><\/p>\n","protected":false},"excerpt":{"rendered":"Visite au sommet ce samedi 7 juin 2025 sur le Rocher ! \u00c0 l\u2019approche de la grande conf\u00e9rence&hellip;\n","protected":false},"author":2,"featured_media":159538,"comment_status":"","ping_status":"","sticky":false,"template":"","format":"standard","meta":{"footnotes":""},"categories":[1359],"tags":[10674,548,986,10675,58,1073,1719,59,1011,27,10676,973,5486],"class_list":{"0":"post-159537","1":"post","2":"type-post","3":"status-publish","4":"format-standard","5":"has-post-thumbnail","7":"category-people","8":"tag-albert-de-monaco","9":"tag-article-simple","10":"tag-brigitte-macron","11":"tag-charlene-de-monaco","12":"tag-divertissement","13":"tag-emmanuel-macron","14":"tag-enfants","15":"tag-entertainment","16":"tag-fr","17":"tag-france","18":"tag-jacques-et-gabriella","19":"tag-people","20":"tag-rencontre"},"share_on_mastodon":{"url":"https:\/\/pubeurope.com\/@fr\/114644606255333131","error":""},"_links":{"self":[{"href":"https:\/\/www.europesays.com\/fr\/wp-json\/wp\/v2\/posts\/159537","targetHints":{"allow":["GET"]}}],"collection":[{"href":"https:\/\/www.europesays.com\/fr\/wp-json\/wp\/v2\/posts"}],"about":[{"href":"https:\/\/www.europesays.com\/fr\/wp-json\/wp\/v2\/types\/post"}],"author":[{"embeddable":true,"href":"https:\/\/www.europesays.com\/fr\/wp-json\/wp\/v2\/users\/2"}],"replies":[{"embeddable":true,"href":"https:\/\/www.europesays.com\/fr\/wp-json\/wp\/v2\/comments?post=159537"}],"version-history":[{"count":0,"href":"https:\/\/www.europesays.com\/fr\/wp-json\/wp\/v2\/posts\/159537\/revisions"}],"wp:featuredmedia":[{"embeddable":true,"href":"https:\/\/www.europesays.com\/fr\/wp-json\/wp\/v2\/media\/159538"}],"wp:attachment":[{"href":"https:\/\/www.europesays.com\/fr\/wp-json\/wp\/v2\/media?parent=159537"}],"wp:term":[{"taxonomy":"category","embeddable":true,"href":"https:\/\/www.europesays.com\/fr\/wp-json\/wp\/v2\/categories?post=159537"},{"taxonomy":"post_tag","embeddable":true,"href":"https:\/\/www.europesays.com\/fr\/wp-json\/wp\/v2\/tags?post=159537"}],"curies":[{"name":"wp","href":"https:\/\/api.w.org\/{rel}","templated":true}]}}