{"id":159550,"date":"2025-06-07T23:16:10","date_gmt":"2025-06-07T23:16:10","guid":{"rendered":"https:\/\/www.europesays.com\/fr\/159550\/"},"modified":"2025-06-07T23:16:10","modified_gmt":"2025-06-07T23:16:10","slug":"lubb-dauphin-avantage-du-terrain-pour-bayonne-et-toulon-les-affiches-des-demi-finales-sont-connues","status":"publish","type":"post","link":"https:\/\/www.europesays.com\/fr\/159550\/","title":{"rendered":"l\u2019UBB dauphin, avantage du terrain pour Bayonne et Toulon&#8230; Les affiches des demi-finales sont connues"},"content":{"rendered":"<p>Apr\u00e8s la 26e et derni\u00e8re journ\u00e9e de Top 14, les affiches pour les demi-finales sont connues. Les voici.<\/p>\n<p class=\"fig-paragraph\">La messe est dite. Ce samedi, apr\u00e8s\u00a0<a href=\"http:\/\/www.lefigaro.fr\/sports\/rugby\/top-14\/top-14-le-stade-francais-sauve-sa-peau-l-ubb-en-demi-finale-clermont-chipe-le-top-6-a-la-rochelle-les-enseignements-de-la-derniere-journee-20250607\" data-fig-type=\"NewsFlash\" data-gtm-custom-categorie=\"navigation\" data-gtm-custom-action=\"crossclick\" data-gtm-custom-label=\"Contextuel\" data-gtm-event=\"customEventSPE\" data-fig-domain=\"LEFIGARO\" rel=\"nofollow noopener\" target=\"_blank\">le multiplex de la derni\u00e8re journ\u00e9e de Top 14<\/a>, o\u00f9 le Stade Toulousain \u00e9tait d\u2019ores et d\u00e9j\u00e0 assur\u00e9 de terminer leader et de filer directement en demi-finale, les affiches des demies sont confirm\u00e9es.<\/p>\n<p class=\"fig-paragraph\">L\u2019Union Bordeaux B\u00e8gles, qui a \u00e9trill\u00e9 les rel\u00e9gu\u00e9s vannetais (59-28), assure la deuxi\u00e8me place (78 points) et affrontera donc le vainqueur du barrage entre Toulon (3e, 72 points) et le Castres Olympique (6e, 63 points). Pour ce qui est de l\u2019autre affiche entre le quatri\u00e8me et le cinqui\u00e8me, ce sera bel et bien Bayonne (4e, 68 points) qui aura l\u2019avantage du terrain et recevra Clermont (5e, 63 points). Le vainqueur de ce barrage affrontera le Stade Toulousain.<\/p>\n<p class=\"fig-paragraph\">Les barrages se joueront vendredi et samedi prochains, les 13 et 14 juin.<\/p>\n<p class=\"fig-paragraph\"><strong>Les barrages\u00a0:<\/strong><br \/>Barrage 1\u00a0: Toulon &#8211; Castres (14 juin, 21h05)<br \/>Barrage 2\u00a0: Bayonne &#8211; Clermont (13 juin, 21h05)<\/p>\n<p class=\"fig-paragraph\"><strong>Les demi-finales\u00a0:\u00a0<\/strong><br \/>Toulouse &#8211; Vainqueur du barrage 2 (20 juin, 21h05)\u00a0<br \/>Bordeaux B\u00e8gles &#8211; Vainqueur du barrage 1 (21 juin, 21h05)<\/p>\n","protected":false},"excerpt":{"rendered":"Apr\u00e8s la 26e et derni\u00e8re journ\u00e9e de Top 14, les affiches pour les demi-finales sont connues. Les voici.&hellip;\n","protected":false},"author":2,"featured_media":159551,"comment_status":"","ping_status":"","sticky":false,"template":"","format":"standard","meta":{"footnotes":""},"categories":[9],"tags":[525,4590,1981,2313,814,1011,27,955,4589,2311,8177,1980,479,2259,60,478,2310,2312,4364],"class_list":{"0":"post-159550","1":"post","2":"type-post","3":"status-publish","4":"format-standard","5":"has-post-thumbnail","7":"category-sports","8":"tag-calendrier","9":"tag-championnat-france","10":"tag-classement","11":"tag-clermont","12":"tag-direct","13":"tag-fr","14":"tag-france","15":"tag-match","16":"tag-phase-finale","17":"tag-racing","18":"tag-rc-toulon","19":"tag-resultats","20":"tag-rugby","21":"tag-score","22":"tag-sports","23":"tag-top-14","24":"tag-toulon","25":"tag-toulouse","26":"tag-ubb"},"share_on_mastodon":{"url":"https:\/\/pubeurope.com\/@fr\/114644633760371300","error":""},"_links":{"self":[{"href":"https:\/\/www.europesays.com\/fr\/wp-json\/wp\/v2\/posts\/159550","targetHints":{"allow":["GET"]}}],"collection":[{"href":"https:\/\/www.europesays.com\/fr\/wp-json\/wp\/v2\/posts"}],"about":[{"href":"https:\/\/www.europesays.com\/fr\/wp-json\/wp\/v2\/types\/post"}],"author":[{"embeddable":true,"href":"https:\/\/www.europesays.com\/fr\/wp-json\/wp\/v2\/users\/2"}],"replies":[{"embeddable":true,"href":"https:\/\/www.europesays.com\/fr\/wp-json\/wp\/v2\/comments?post=159550"}],"version-history":[{"count":0,"href":"https:\/\/www.europesays.com\/fr\/wp-json\/wp\/v2\/posts\/159550\/revisions"}],"wp:featuredmedia":[{"embeddable":true,"href":"https:\/\/www.europesays.com\/fr\/wp-json\/wp\/v2\/media\/159551"}],"wp:attachment":[{"href":"https:\/\/www.europesays.com\/fr\/wp-json\/wp\/v2\/media?parent=159550"}],"wp:term":[{"taxonomy":"category","embeddable":true,"href":"https:\/\/www.europesays.com\/fr\/wp-json\/wp\/v2\/categories?post=159550"},{"taxonomy":"post_tag","embeddable":true,"href":"https:\/\/www.europesays.com\/fr\/wp-json\/wp\/v2\/tags?post=159550"}],"curies":[{"name":"wp","href":"https:\/\/api.w.org\/{rel}","templated":true}]}}