{"id":159559,"date":"2025-06-07T23:21:09","date_gmt":"2025-06-07T23:21:09","guid":{"rendered":"https:\/\/www.europesays.com\/fr\/159559\/"},"modified":"2025-06-07T23:21:09","modified_gmt":"2025-06-07T23:21:09","slug":"apres-trois-annees-de-combat-lena-10-ans-succombe-a-un-cancer-rare","status":"publish","type":"post","link":"https:\/\/www.europesays.com\/fr\/159559\/","title":{"rendered":"Apr\u00e8s trois ann\u00e9es de combat, L\u00e9na, 10 ans, succombe \u00e0 un cancer rare"},"content":{"rendered":"<p class=\"paragraph text_align_left\">Apr\u00e8s trois ann\u00e9es de lutte, elle a fini par s\u2019\u00e9teindre. L\u00e9na, une petite fille originaire du petit village d\u2019Ann\u00e9ot (Yonne), a succomb\u00e9 le 3 juin dernier \u00e0 un chordome, un cancer osseux aussi rare qu\u2019agressif, rapportent nos confr\u00e8res de <a href=\"https:\/\/www.bienpublic.com\/sante\/2025\/06\/07\/apres-la-course-de-la-bague-la-petite-lena-a-rejoint-les-etoiles\" rel=\"nofollow noopener\" target=\"_blank\">Bien Public<\/a>. Elle n\u2019avait que 10 ans. Un hommage sera organis\u00e9 mardi prochain au centre \u00e9questre de la commune, indique de son c\u00f4t\u00e9 <a href=\"https:\/\/www.lyonne.fr\/avallon-89200\/actualites\/jeune-avallonnaise-atteinte-d-un-cancer-rare-lena-s-en-est-allee_14699841\/\" rel=\"nofollow noopener\" target=\"_blank\">L\u2019Yonne R\u00e9publicaine<\/a>.<\/p>\n<p class=\"paragraph text_align_left\">Tout commence en 2021, alors que L\u00e9na n\u2019a que six ans. La fillette se plaint de douleurs dans le dos. Ses parents l\u2019envoient chez le m\u00e9decin, qui lui prescrit une IRM. Le diagnostic tombe : une tumeur se trouve au niveau de sa colonne vert\u00e9brale. Des premi\u00e8res interventions m\u00e9dicales lui permettent de la vaincre. <\/p>\n<p>200 000 euros r\u00e9colt\u00e9s sur une cagnotte, en vain<\/p>\n<p class=\"paragraph text_align_left\">Mais les d\u00e9sillusions vont s\u2019encha\u00eener pour L\u00e9na et ses proches. En 2022, une nouvelle tumeur est d\u00e9tect\u00e9e, cette fois-ci au niveau du cerveau. Deux autres ont ensuite apparu au niveau du thorax. En septembre dernier, sa famille lance une cagnotte pour financer un voyage aux \u00c9tats-Unis, afin qu\u2019elle b\u00e9n\u00e9ficie d\u2019une th\u00e9rapie innovante. <a href=\"https:\/\/www.leetchi.com\/fr\/c\/le-combat-de-lena-contre-le-cancer-pour-realiser-ses-reves-4380161\" rel=\"nofollow noopener\" target=\"_blank\">Pr\u00e8s de 200 000 euros ont \u00e9t\u00e9 r\u00e9colt\u00e9s<\/a>. Les traitements se sont finalement r\u00e9v\u00e9l\u00e9s inefficaces. <\/p>\n<p class=\"paragraph text_align_left\">En mai 2025, les m\u00e9decins d\u00e9cident, en accord avec la famille de L\u00e9na, d\u2019arr\u00eater les soins actifs. Quelques jours avant de mourir, elle assiste \u00e0 une course d\u2019\u00e9quitation \u00e0 Semur-en-Auxois. Sa m\u00e8re, S\u00e9verine, remporte la course et franchit la ligne d\u2019arriv\u00e9e en larmes. Elle d\u00e9die cette victoire \u00e0 sa fille, qui emportera avec elle un dernier souvenir heureux. <\/p>\n","protected":false},"excerpt":{"rendered":"Apr\u00e8s trois ann\u00e9es de lutte, elle a fini par s\u2019\u00e9teindre. L\u00e9na, une petite fille originaire du petit village&hellip;\n","protected":false},"author":2,"featured_media":159560,"comment_status":"","ping_status":"","sticky":false,"template":"","format":"standard","meta":{"footnotes":""},"categories":[4],"tags":[11,459,118,1011,27,12,25],"class_list":{"0":"post-159559","1":"post","2":"type-post","3":"status-publish","4":"format-standard","5":"has-post-thumbnail","7":"category-france","8":"tag-actualites","9":"tag-departements-horsidfo","10":"tag-faits-divers","11":"tag-fr","12":"tag-france","13":"tag-news","14":"tag-republique-francaise"},"share_on_mastodon":{"url":"https:\/\/pubeurope.com\/@fr\/114644653360249168","error":""},"_links":{"self":[{"href":"https:\/\/www.europesays.com\/fr\/wp-json\/wp\/v2\/posts\/159559","targetHints":{"allow":["GET"]}}],"collection":[{"href":"https:\/\/www.europesays.com\/fr\/wp-json\/wp\/v2\/posts"}],"about":[{"href":"https:\/\/www.europesays.com\/fr\/wp-json\/wp\/v2\/types\/post"}],"author":[{"embeddable":true,"href":"https:\/\/www.europesays.com\/fr\/wp-json\/wp\/v2\/users\/2"}],"replies":[{"embeddable":true,"href":"https:\/\/www.europesays.com\/fr\/wp-json\/wp\/v2\/comments?post=159559"}],"version-history":[{"count":0,"href":"https:\/\/www.europesays.com\/fr\/wp-json\/wp\/v2\/posts\/159559\/revisions"}],"wp:featuredmedia":[{"embeddable":true,"href":"https:\/\/www.europesays.com\/fr\/wp-json\/wp\/v2\/media\/159560"}],"wp:attachment":[{"href":"https:\/\/www.europesays.com\/fr\/wp-json\/wp\/v2\/media?parent=159559"}],"wp:term":[{"taxonomy":"category","embeddable":true,"href":"https:\/\/www.europesays.com\/fr\/wp-json\/wp\/v2\/categories?post=159559"},{"taxonomy":"post_tag","embeddable":true,"href":"https:\/\/www.europesays.com\/fr\/wp-json\/wp\/v2\/tags?post=159559"}],"curies":[{"name":"wp","href":"https:\/\/api.w.org\/{rel}","templated":true}]}}