{"id":159582,"date":"2025-06-07T23:39:10","date_gmt":"2025-06-07T23:39:10","guid":{"rendered":"https:\/\/www.europesays.com\/fr\/159582\/"},"modified":"2025-06-07T23:39:10","modified_gmt":"2025-06-07T23:39:10","slug":"previsions-du-dimanche-8-juin-2025-2","status":"publish","type":"post","link":"https:\/\/www.europesays.com\/fr\/159582\/","title":{"rendered":"pr\u00e9visions du dimanche 8 juin 2025"},"content":{"rendered":"<p>Il va faire 15\u00b0C en moyenne \u00e0 Strasbourg aujourd&rsquo;hui. Il se peut qu&rsquo;il y ait de l\u00e9g\u00e8res averses le matin. Les valeurs tourneront autour des 15\u00b0C. Un vent d&rsquo;ouest est pr\u00e9vu : il soufflera \u00e0 22 km\/h. Le soleil sera au rendez-vous : un magnifique apr\u00e8s-midi se pr\u00e9sente ! Les temp\u00e9ratures vont conna\u00eetre une augmentation de quelques degr\u00e9s. Les valeurs seront comprises entre 17 et 19\u00b0C. Il fera en moyenne 14\u00b0C, le soir. Une nuit claire vous attendra entre dimanche et lundi.<\/p>\n<p>Demain, les Strasbourgeois vont pouvoir profiter d&rsquo;un soleil radieux. Les valeurs afficheront entre 8 et 21\u00b0C. Dans la matin\u00e9e, les temp\u00e9ratures avoisineront les 16\u00b0C. Un vent de sud-ouest soufflera l\u00e9g\u00e8rement, avec 4 km\/h. Les temp\u00e9ratures vont grimper pendant l&rsquo;apr\u00e8s-midi de plusieurs degr\u00e9s. Les valeurs s&rsquo;\u00e9chelonneront entre 20 et 21\u00b0C. Demain soir, le mercure affichera 17\u00b0C en moyenne. Un petit vent de nord-ouest soufflera.<\/p>\n<p>La m\u00e9t\u00e9o restera inchang\u00e9e les jours \u00e0 venir. Il fera 19\u00b0C en moyenne pour des journ\u00e9es avec une m\u00e9t\u00e9o ensoleill\u00e9e.<\/p>\n<p><\/p>\n","protected":false},"excerpt":{"rendered":"Il va faire 15\u00b0C en moyenne \u00e0 Strasbourg aujourd&rsquo;hui. Il se peut qu&rsquo;il y ait de l\u00e9g\u00e8res averses&hellip;\n","protected":false},"author":2,"featured_media":159583,"comment_status":"","ping_status":"","sticky":false,"template":"","format":"standard","meta":{"footnotes":""},"categories":[2820],"tags":[1111,11,2389,2649,1777,674,1011,27,775,12,2119,25,640],"class_list":{"0":"post-159582","1":"post","2":"type-post","3":"status-publish","4":"format-standard","5":"has-post-thumbnail","7":"category-strasbourg","8":"tag-actu","9":"tag-actualites","10":"tag-alsace","11":"tag-bas-rhin","12":"tag-eu","13":"tag-europe","14":"tag-fr","15":"tag-france","16":"tag-grand-est","17":"tag-news","18":"tag-previsions-meteo","19":"tag-republique-francaise","20":"tag-strasbourg"},"share_on_mastodon":{"url":"https:\/\/pubeurope.com\/@fr\/114644724196670110","error":""},"_links":{"self":[{"href":"https:\/\/www.europesays.com\/fr\/wp-json\/wp\/v2\/posts\/159582","targetHints":{"allow":["GET"]}}],"collection":[{"href":"https:\/\/www.europesays.com\/fr\/wp-json\/wp\/v2\/posts"}],"about":[{"href":"https:\/\/www.europesays.com\/fr\/wp-json\/wp\/v2\/types\/post"}],"author":[{"embeddable":true,"href":"https:\/\/www.europesays.com\/fr\/wp-json\/wp\/v2\/users\/2"}],"replies":[{"embeddable":true,"href":"https:\/\/www.europesays.com\/fr\/wp-json\/wp\/v2\/comments?post=159582"}],"version-history":[{"count":0,"href":"https:\/\/www.europesays.com\/fr\/wp-json\/wp\/v2\/posts\/159582\/revisions"}],"wp:featuredmedia":[{"embeddable":true,"href":"https:\/\/www.europesays.com\/fr\/wp-json\/wp\/v2\/media\/159583"}],"wp:attachment":[{"href":"https:\/\/www.europesays.com\/fr\/wp-json\/wp\/v2\/media?parent=159582"}],"wp:term":[{"taxonomy":"category","embeddable":true,"href":"https:\/\/www.europesays.com\/fr\/wp-json\/wp\/v2\/categories?post=159582"},{"taxonomy":"post_tag","embeddable":true,"href":"https:\/\/www.europesays.com\/fr\/wp-json\/wp\/v2\/tags?post=159582"}],"curies":[{"name":"wp","href":"https:\/\/api.w.org\/{rel}","templated":true}]}}