{"id":159589,"date":"2025-06-07T23:43:10","date_gmt":"2025-06-07T23:43:10","guid":{"rendered":"https:\/\/www.europesays.com\/fr\/159589\/"},"modified":"2025-06-07T23:43:10","modified_gmt":"2025-06-07T23:43:10","slug":"previsions-du-dimanche-8-juin-2025-3","status":"publish","type":"post","link":"https:\/\/www.europesays.com\/fr\/159589\/","title":{"rendered":"pr\u00e9visions du dimanche 8 juin 2025"},"content":{"rendered":"<p>C&rsquo;est un soleil radieux qui va briller aujourd&rsquo;hui sur Nantes. Les temp\u00e9ratures seront de 16\u00b0C. Le matin, une petite brise de nord-ouest sera ressentie par les habitants. Le temps va se r\u00e9chauffer l&rsquo;apr\u00e8s-midi avec une hausse de plusieurs degr\u00e9s. Les temp\u00e9ratures seront comprises entre 20 et 22\u00b0C. Il va faire 16\u00b0C en moyenne le soir. Durant la nuit de dimanche \u00e0 lundi, le ciel sera clair.<\/p>\n<p>Demain, les Nantais vont pouvoir b\u00e9n\u00e9ficier d&rsquo;un soleil magnifique. Une m\u00e9t\u00e9o plus chaude est pr\u00e9vue puisque le mercure va enregistrer une augmentation. Il fera en moyenne 17\u00b0C. Un vent de nord-est soufflera doucement dans la matin\u00e9e. Demain apr\u00e8s-midi, c&rsquo;est une hausse de plusieurs degr\u00e9s que vont conna\u00eetre les temp\u00e9ratures. Les maximales iront jusqu&rsquo;\u00e0 25\u00b0C et les minimales seront de 23\u00b0C. Demain soir, on anticipe des valeurs avoisinant 21\u00b0C. Un vent de nord-est soufflera l\u00e9g\u00e8rement, avec 6 km\/h.<\/p>\n<p>Pour les prochains jours, le temps ne bougera pas. Le temps sera ensoleill\u00e9 avec des temp\u00e9ratures autour de 22\u00b0C.<\/p>\n<p><\/p>\n","protected":false},"excerpt":{"rendered":"C&rsquo;est un soleil radieux qui va briller aujourd&rsquo;hui sur Nantes. Les temp\u00e9ratures seront de 16\u00b0C. Le matin, une&hellip;\n","protected":false},"author":2,"featured_media":159590,"comment_status":"","ping_status":"","sticky":false,"template":"","format":"standard","meta":{"footnotes":""},"categories":[2818],"tags":[1111,11,1777,674,1011,27,3047,766,12,2636,2119,25],"class_list":{"0":"post-159589","1":"post","2":"type-post","3":"status-publish","4":"format-standard","5":"has-post-thumbnail","7":"category-nantes","8":"tag-actu","9":"tag-actualites","10":"tag-eu","11":"tag-europe","12":"tag-fr","13":"tag-france","14":"tag-loire-atlantique","15":"tag-nantes","16":"tag-news","17":"tag-pays-de-la-loire","18":"tag-previsions-meteo","19":"tag-republique-francaise"},"share_on_mastodon":{"url":"https:\/\/pubeurope.com\/@fr\/114644739966346245","error":""},"_links":{"self":[{"href":"https:\/\/www.europesays.com\/fr\/wp-json\/wp\/v2\/posts\/159589","targetHints":{"allow":["GET"]}}],"collection":[{"href":"https:\/\/www.europesays.com\/fr\/wp-json\/wp\/v2\/posts"}],"about":[{"href":"https:\/\/www.europesays.com\/fr\/wp-json\/wp\/v2\/types\/post"}],"author":[{"embeddable":true,"href":"https:\/\/www.europesays.com\/fr\/wp-json\/wp\/v2\/users\/2"}],"replies":[{"embeddable":true,"href":"https:\/\/www.europesays.com\/fr\/wp-json\/wp\/v2\/comments?post=159589"}],"version-history":[{"count":0,"href":"https:\/\/www.europesays.com\/fr\/wp-json\/wp\/v2\/posts\/159589\/revisions"}],"wp:featuredmedia":[{"embeddable":true,"href":"https:\/\/www.europesays.com\/fr\/wp-json\/wp\/v2\/media\/159590"}],"wp:attachment":[{"href":"https:\/\/www.europesays.com\/fr\/wp-json\/wp\/v2\/media?parent=159589"}],"wp:term":[{"taxonomy":"category","embeddable":true,"href":"https:\/\/www.europesays.com\/fr\/wp-json\/wp\/v2\/categories?post=159589"},{"taxonomy":"post_tag","embeddable":true,"href":"https:\/\/www.europesays.com\/fr\/wp-json\/wp\/v2\/tags?post=159589"}],"curies":[{"name":"wp","href":"https:\/\/api.w.org\/{rel}","templated":true}]}}