{"id":159599,"date":"2025-06-07T23:49:17","date_gmt":"2025-06-07T23:49:17","guid":{"rendered":"https:\/\/www.europesays.com\/fr\/159599\/"},"modified":"2025-06-07T23:49:17","modified_gmt":"2025-06-07T23:49:17","slug":"la-derniere-place-europeenne-est-pour-toulouse","status":"publish","type":"post","link":"https:\/\/www.europesays.com\/fr\/159599\/","title":{"rendered":"la derni\u00e8re place europ\u00e9enne est pour Toulouse"},"content":{"rendered":"<p>En battant Cr\u00e9teil ce samedi lors de la derni\u00e8re journ\u00e9e du championnat de France de handball, Toulouse s\u2019est offert la derni\u00e8re place europ\u00e9enne pour la saison prochaine.<\/p>\n<p class=\"fig-paragraph\">Au bout du bout. Toulouse s&rsquo;est assur\u00e9 samedi la derni\u00e8re place directement qualificative pour une coupe europ\u00e9enne en s&rsquo;imposant 37-26 \u00e0 Cr\u00e9teil, d\u00e9j\u00e0 rel\u00e9gu\u00e9, lors de la derni\u00e8re journ\u00e9e du championnat de France de handball.<\/p>\n<p class=\"fig-paragraph\">Le Fenix Toulouse, qui occupait la quatri\u00e8me place avant cette derni\u00e8re journ\u00e9e, n&rsquo;a donc pas trembl\u00e9\u00a0: il disputera la saison prochaine la Ligue europ\u00e9enne, tout comme Montpellier, dont la troisi\u00e8me place n&rsquo;\u00e9tait plus menac\u00e9e.<\/p>\n<p class=\"fig-paragraph\">Le cinqui\u00e8me, Saint-Rapha\u00ebl, qui esp\u00e9rait un faux pas des Toulousains pour se glisser in extremis en Ligue europ\u00e9enne, a fait le job en battant N\u00eemes 31-27. Mais les Varois n&rsquo;auront droit qu&rsquo;\u00e0 un billet pour les barrages de la Ligue europ\u00e9enne.<\/p>\n<p class=\"fig-paragraph\">En Ligue des champions, la France sera de nouveau repr\u00e9sent\u00e9e par le Paris SG et Nantes. Les Parisiens, sacr\u00e9s mercredi lors de l&rsquo;avant-derni\u00e8re journ\u00e9e, ont inaugur\u00e9 samedi leur titre par une victoire \u00e0 domicile 30-23 contre Chamb\u00e9ry. Les Nantais, dont la deuxi\u00e8me place \u00e9tait \u00e9galement valid\u00e9e, ont gagn\u00e9 35-27 \u00e0 Tremblay. En bas de tableau, Cr\u00e9teil et Ivry \u00e9taient d\u00e9j\u00e0 rel\u00e9gu\u00e9s.<\/p>\n","protected":false},"excerpt":{"rendered":"En battant Cr\u00e9teil ce samedi lors de la derni\u00e8re journ\u00e9e du championnat de France de handball, Toulouse s\u2019est&hellip;\n","protected":false},"author":2,"featured_media":159600,"comment_status":"","ping_status":"","sticky":false,"template":"","format":"standard","meta":{"footnotes":""},"categories":[2816],"tags":[1111,11,2207,69,525,2211,2212,2210,1981,2206,64,1777,674,1011,27,1792,2209,447,2208,12,2680,25,1980,2312],"class_list":{"0":"post-159599","1":"post","2":"type-post","3":"status-publish","4":"format-standard","5":"has-post-thumbnail","7":"category-toulouse","8":"tag-actu","9":"tag-actualites","10":"tag-bleus","11":"tag-bundesliga","12":"tag-calendrier","13":"tag-championnat-deurope","14":"tag-championnat-du-monde","15":"tag-ciudad-real","16":"tag-classement","17":"tag-division-1","18":"tag-equipe-de-france","19":"tag-eu","20":"tag-europe","21":"tag-fr","22":"tag-france","23":"tag-handball","24":"tag-kiel","25":"tag-ligue-des-champions","26":"tag-montpellier","27":"tag-news","28":"tag-occitanie","29":"tag-republique-francaise","30":"tag-resultats","31":"tag-toulouse"},"share_on_mastodon":{"url":"https:\/\/pubeurope.com\/@fr\/114644763555167767","error":""},"_links":{"self":[{"href":"https:\/\/www.europesays.com\/fr\/wp-json\/wp\/v2\/posts\/159599","targetHints":{"allow":["GET"]}}],"collection":[{"href":"https:\/\/www.europesays.com\/fr\/wp-json\/wp\/v2\/posts"}],"about":[{"href":"https:\/\/www.europesays.com\/fr\/wp-json\/wp\/v2\/types\/post"}],"author":[{"embeddable":true,"href":"https:\/\/www.europesays.com\/fr\/wp-json\/wp\/v2\/users\/2"}],"replies":[{"embeddable":true,"href":"https:\/\/www.europesays.com\/fr\/wp-json\/wp\/v2\/comments?post=159599"}],"version-history":[{"count":0,"href":"https:\/\/www.europesays.com\/fr\/wp-json\/wp\/v2\/posts\/159599\/revisions"}],"wp:featuredmedia":[{"embeddable":true,"href":"https:\/\/www.europesays.com\/fr\/wp-json\/wp\/v2\/media\/159600"}],"wp:attachment":[{"href":"https:\/\/www.europesays.com\/fr\/wp-json\/wp\/v2\/media?parent=159599"}],"wp:term":[{"taxonomy":"category","embeddable":true,"href":"https:\/\/www.europesays.com\/fr\/wp-json\/wp\/v2\/categories?post=159599"},{"taxonomy":"post_tag","embeddable":true,"href":"https:\/\/www.europesays.com\/fr\/wp-json\/wp\/v2\/tags?post=159599"}],"curies":[{"name":"wp","href":"https:\/\/api.w.org\/{rel}","templated":true}]}}