{"id":159601,"date":"2025-06-07T23:50:10","date_gmt":"2025-06-07T23:50:10","guid":{"rendered":"https:\/\/www.europesays.com\/fr\/159601\/"},"modified":"2025-06-07T23:50:10","modified_gmt":"2025-06-07T23:50:10","slug":"previsions-du-dimanche-8-juin-2025-5","status":"publish","type":"post","link":"https:\/\/www.europesays.com\/fr\/159601\/","title":{"rendered":"pr\u00e9visions du dimanche 8 juin 2025"},"content":{"rendered":"<p>\u00c0 Lille, les maximales iront jusqu&rsquo;\u00e0 18\u00b0C dans la journ\u00e9e alors que les minimales seront de 9\u00b0C. Un vent d&rsquo;ouest, atteignant 21 km\/h, soufflera. Le matin, les Lillois vont pouvoir b\u00e9n\u00e9ficier d&rsquo;un soleil magnifique. Des \u00e9claircies feront leur apparition dans l&rsquo;apr\u00e8s-midi. Les temp\u00e9ratures vont enregistrer une hausse de quelques degr\u00e9s. Les valeurs seront de 17\u00b0C au plus bas et de 18\u00b0C au maximum. Il va faire 14\u00b0C en moyenne le soir. Le passage de dimanche \u00e0 lundi se fera sous un ciel d\u00e9pourvu de nuages.<\/p>\n<p>Pour Lille, un temps plus chaud est attendu demain puisque les temp\u00e9ratures vont conna\u00eetre une augmentation. Les valeurs s&rsquo;\u00e9chelonneront entre 10 et 21\u00b0C. Un l\u00e9ger vent d&rsquo;ouest sera ressenti par les habitants. Le matin, un important soleil rayonnera. Le mercure affichera 17\u00b0C en moyenne. Le ciel va s&rsquo;\u00e9claircir au cours de l&rsquo;apr\u00e8s-midi. Les valeurs iront de 18 \u00e0 21\u00b0C.<\/p>\n<p>Les jours suivants s&rsquo;annoncent similaires. Il va faire un temps plut\u00f4t ensoleill\u00e9 avec des temp\u00e9ratures avoisinant 19\u00b0C.<\/p>\n<p><\/p>\n","protected":false},"excerpt":{"rendered":"\u00c0 Lille, les maximales iront jusqu&rsquo;\u00e0 18\u00b0C dans la journ\u00e9e alors que les minimales seront de 9\u00b0C. Un&hellip;\n","protected":false},"author":2,"featured_media":159602,"comment_status":"","ping_status":"","sticky":false,"template":"","format":"standard","meta":{"footnotes":""},"categories":[2815],"tags":[1111,11,1777,674,1011,27,811,1307,12,1308,1309,2119,25],"class_list":{"0":"post-159601","1":"post","2":"type-post","3":"status-publish","4":"format-standard","5":"has-post-thumbnail","7":"category-lille","8":"tag-actu","9":"tag-actualites","10":"tag-eu","11":"tag-europe","12":"tag-fr","13":"tag-france","14":"tag-hauts-de-france","15":"tag-lille","16":"tag-news","17":"tag-nord","18":"tag-nord-pas-de-calais","19":"tag-previsions-meteo","20":"tag-republique-francaise"},"share_on_mastodon":{"url":"https:\/\/pubeurope.com\/@fr\/114644767657474844","error":""},"_links":{"self":[{"href":"https:\/\/www.europesays.com\/fr\/wp-json\/wp\/v2\/posts\/159601","targetHints":{"allow":["GET"]}}],"collection":[{"href":"https:\/\/www.europesays.com\/fr\/wp-json\/wp\/v2\/posts"}],"about":[{"href":"https:\/\/www.europesays.com\/fr\/wp-json\/wp\/v2\/types\/post"}],"author":[{"embeddable":true,"href":"https:\/\/www.europesays.com\/fr\/wp-json\/wp\/v2\/users\/2"}],"replies":[{"embeddable":true,"href":"https:\/\/www.europesays.com\/fr\/wp-json\/wp\/v2\/comments?post=159601"}],"version-history":[{"count":0,"href":"https:\/\/www.europesays.com\/fr\/wp-json\/wp\/v2\/posts\/159601\/revisions"}],"wp:featuredmedia":[{"embeddable":true,"href":"https:\/\/www.europesays.com\/fr\/wp-json\/wp\/v2\/media\/159602"}],"wp:attachment":[{"href":"https:\/\/www.europesays.com\/fr\/wp-json\/wp\/v2\/media?parent=159601"}],"wp:term":[{"taxonomy":"category","embeddable":true,"href":"https:\/\/www.europesays.com\/fr\/wp-json\/wp\/v2\/categories?post=159601"},{"taxonomy":"post_tag","embeddable":true,"href":"https:\/\/www.europesays.com\/fr\/wp-json\/wp\/v2\/tags?post=159601"}],"curies":[{"name":"wp","href":"https:\/\/api.w.org\/{rel}","templated":true}]}}