{"id":159605,"date":"2025-06-07T23:52:09","date_gmt":"2025-06-07T23:52:09","guid":{"rendered":"https:\/\/www.europesays.com\/fr\/159605\/"},"modified":"2025-06-07T23:52:09","modified_gmt":"2025-06-07T23:52:09","slug":"previsions-du-dimanche-8-juin-2025-6","status":"publish","type":"post","link":"https:\/\/www.europesays.com\/fr\/159605\/","title":{"rendered":"pr\u00e9visions du dimanche 8 juin 2025"},"content":{"rendered":"<p>Le soleil sera au rendez-vous \u00e0 Marseille : une belle journ\u00e9e se profile ! Les valeurs seront de 20\u00b0C au plus bas et de 26\u00b0C au maximum. La ville sera touch\u00e9e par un vent de nord-ouest de 32 km\/h. Les temp\u00e9ratures s&rsquo;\u00e9chelonneront de 21 \u00e0 25\u00b0C sur l&rsquo;ensemble de la matin\u00e9e. Les valeurs s&rsquo;\u00e9chelonneront entre 25 et 26\u00b0C l&rsquo;apr\u00e8s-midi. Il va faire 25\u00b0C en moyenne le soir. On s&rsquo;attend \u00e0 une nuit claire entre dimanche et lundi.<\/p>\n<p>Un bel ensoleillement est pr\u00e9vu demain \u00e0 Marseille. Le thermom\u00e8tre affichera 23\u00b0C en moyenne. Les maximales atteindront les 26\u00b0C dans la matin\u00e9e tandis que les minimales seront de 19\u00b0C. Un petit vent de nord-ouest soufflera. Les temp\u00e9ratures vont conna\u00eetre une augmentation de quelques degr\u00e9s dans l&rsquo;apr\u00e8s-midi. Les valeurs afficheront entre 26\u00b0C et 27\u00b0C. Les valeurs seront comprises entre 23 et 25\u00b0C durant la soir\u00e9e. Une modeste brise de sud-ouest sera ressentie par les habitants.<\/p>\n<p>Les jours se suivent et ne changent pas. Le temps sera ensoleill\u00e9 avec des temp\u00e9ratures autour de 24\u00b0C.<\/p>\n<p><\/p>\n","protected":false},"excerpt":{"rendered":"Le soleil sera au rendez-vous \u00e0 Marseille : une belle journ\u00e9e se profile ! Les valeurs seront de&hellip;\n","protected":false},"author":2,"featured_media":159606,"comment_status":"","ping_status":"","sticky":false,"template":"","format":"standard","meta":{"footnotes":""},"categories":[2814],"tags":[1111,11,885,1777,674,1011,27,884,12,883,2119,882,25],"class_list":{"0":"post-159605","1":"post","2":"type-post","3":"status-publish","4":"format-standard","5":"has-post-thumbnail","7":"category-marseille","8":"tag-actu","9":"tag-actualites","10":"tag-bouches-du-rhone","11":"tag-eu","12":"tag-europe","13":"tag-fr","14":"tag-france","15":"tag-marseille","16":"tag-news","17":"tag-paca","18":"tag-previsions-meteo","19":"tag-provence-alpes-cote-dazur","20":"tag-republique-francaise"},"share_on_mastodon":{"url":"https:\/\/pubeurope.com\/@fr\/114644775298151063","error":""},"_links":{"self":[{"href":"https:\/\/www.europesays.com\/fr\/wp-json\/wp\/v2\/posts\/159605","targetHints":{"allow":["GET"]}}],"collection":[{"href":"https:\/\/www.europesays.com\/fr\/wp-json\/wp\/v2\/posts"}],"about":[{"href":"https:\/\/www.europesays.com\/fr\/wp-json\/wp\/v2\/types\/post"}],"author":[{"embeddable":true,"href":"https:\/\/www.europesays.com\/fr\/wp-json\/wp\/v2\/users\/2"}],"replies":[{"embeddable":true,"href":"https:\/\/www.europesays.com\/fr\/wp-json\/wp\/v2\/comments?post=159605"}],"version-history":[{"count":0,"href":"https:\/\/www.europesays.com\/fr\/wp-json\/wp\/v2\/posts\/159605\/revisions"}],"wp:featuredmedia":[{"embeddable":true,"href":"https:\/\/www.europesays.com\/fr\/wp-json\/wp\/v2\/media\/159606"}],"wp:attachment":[{"href":"https:\/\/www.europesays.com\/fr\/wp-json\/wp\/v2\/media?parent=159605"}],"wp:term":[{"taxonomy":"category","embeddable":true,"href":"https:\/\/www.europesays.com\/fr\/wp-json\/wp\/v2\/categories?post=159605"},{"taxonomy":"post_tag","embeddable":true,"href":"https:\/\/www.europesays.com\/fr\/wp-json\/wp\/v2\/tags?post=159605"}],"curies":[{"name":"wp","href":"https:\/\/api.w.org\/{rel}","templated":true}]}}