{"id":159615,"date":"2025-06-07T23:59:14","date_gmt":"2025-06-07T23:59:14","guid":{"rendered":"https:\/\/www.europesays.com\/fr\/159615\/"},"modified":"2025-06-07T23:59:14","modified_gmt":"2025-06-07T23:59:14","slug":"la-mise-en-cause-suspendue-pendant-un-an","status":"publish","type":"post","link":"https:\/\/www.europesays.com\/fr\/159615\/","title":{"rendered":"la mise en cause suspendue pendant un an"},"content":{"rendered":"<p>Jug\u00e9e le 21 f\u00e9vrier dernier \u00e0 Paris pour avoir donn\u00e9 un coup dans le dos \u00e0 une enfant de 3 ans, la professeur avait d\u00e9j\u00e0 \u00e9t\u00e9 condamn\u00e9e \u00e0 verser 3000 euros d\u2019amende dont 1500 avec sursis.<\/p>\n<p class=\"fig-paragraph\"><a href=\"http:\/\/www.lefigaro.fr\/faits-divers\/fillette-de-3-ans-frappee-par-son-institutrice-a-paris-ce-que-l-on-sait-des-enquetes-en-cours-20240911\" data-fig-type=\"Article\" data-gtm-custom-categorie=\"navigation\" data-gtm-custom-action=\"crossclick\" data-gtm-custom-label=\"Contextuel\" data-gtm-event=\"customEventSPE\" data-fig-domain=\"LEFIGARO\" target=\"_blank\" rel=\"noopener\">L\u2019institutrice qui exer\u00e7ait \u00e0 l\u2019\u00e9cole maternelle des Fr\u00e8res-Voisins<\/a>\u00a0dans le 15e arrondissement de\u00a0<a href=\"http:\/\/www.lefigaro.fr\/faits-divers\/debordements-en-marge-de-la-victoire-du-psg-apres-les-violences-de-premieres-comparutions-attendues-a-paris-ce-lundi-20250602\" data-fig-type=\"NewsFlash\" data-gtm-custom-categorie=\"navigation\" data-gtm-custom-action=\"crossclick\" data-gtm-custom-label=\"Contextuel\" data-gtm-event=\"customEventSPE\" data-fig-domain=\"LEFIGARO\" target=\"_blank\" rel=\"noopener\">Paris<\/a>,\u00a0<a href=\"http:\/\/www.lefigaro.fr\/faits-divers\/paris-une-enseignante-jugee-ce-vendredi-pour-avoir-violente-une-fillette-de-3-ans-20250221\" data-fig-type=\"NewsFlash\" data-gtm-custom-categorie=\"navigation\" data-gtm-custom-action=\"crossclick\" data-gtm-custom-label=\"Contextuel\" data-gtm-event=\"customEventSPE\" data-fig-domain=\"LEFIGARO\" target=\"_blank\" rel=\"noopener\">jug\u00e9e le 21 f\u00e9vrier<\/a>\u00a0dernier\u00a0pour avoir violent\u00e9 une enfant de 3 ans en classe lors de la rentr\u00e9e scolaire, est suspendue pendant deux ans, dont un avec sursis par l\u2019\u00c9ducation nationale, a appris Le Figaro aupr\u00e8s de sources concordantes, confirmant une information du\u00a0<a href=\"https:\/\/www.leparisien.fr\/societe\/paris-un-an-de-suspension-pour-lenseignante-qui-avait-frappe-une-eleve-de-maternelle-07-06-2025-KY3GGTIW2JDNJGNP7N4WQMYN6U.php\" target=\"_blank\" rel=\"noopener\" data-gtm-custom-categorie=\"navigation\" data-gtm-custom-action=\"crossclick\" data-gtm-custom-label=\"Contextuel\" data-gtm-event=\"customEventSPE\">Parisien<\/a> . L\u2019enseignante avait d\u00e9j\u00e0 \u00e9t\u00e9 condamn\u00e9e par le tribunal de Paris \u00e0 verser 3000 euros d\u2019amende dont 1500 avec sursis. Cette fois-ci, il s\u2019agit d\u2019une sanction administrative.<\/p>\n<p class=\"fig-paragraph\">\u00abLa r\u00e9ponse de l\u2019\u00e9ducation nationale, bien qu\u2019existante, reste bien loin de ce qu\u2019on est en droit d\u2019attendre quand il s\u2019agit de la s\u00e9curit\u00e9 d\u2019un enfant\u00bb, a r\u00e9agi pour Le Figaro Me Vanessa Edberg, l\u2019avocate de la m\u00e8re de la petite fille. \u00abElle intervient plusieurs mois apr\u00e8s les faits, alors m\u00eame que l\u2019\u00e9motion collective et la gravit\u00e9 de l\u2019acte exigent une r\u00e9action imm\u00e9diate, claire et forte\u00bb, a-t-elle pr\u00e9cis\u00e9.<\/p>\n<p class=\"fig-body-link\">\n            \u00c0 lire aussi<br \/>\n        <a class=\"fig-body-link__link\" href=\"http:\/\/www.lefigaro.fr\/faits-divers\/j-ai-perdu-mon-sang-froid-quatre-mois-de-prison-avec-sursis-requis-contre-l-enseignante-filmee-en-train-de-violenter-une-enfant-20250221\" data-fig-type=\"NewsFlash\" data-gtm-custom-categorie=\"navigation\" data-gtm-custom-action=\"crossclick\" data-gtm-custom-label=\"Contextuel\" data-gtm-event=\"customEventSPE\" data-fig-domain=\"LEFIGARO\" target=\"_blank\" rel=\"noopener\">\u00abJ\u2019ai perdu mon sang-froid\u00bb: l\u2019enseignante film\u00e9e en train de violenter une enfant condamn\u00e9e \u00e0 payer 1500 euros d\u2019amende<br \/>\n    <\/a>\n<\/p>\n<p class=\"fig-paragraph\">De son c\u00f4t\u00e9, Me Laurent Hazan, l\u2019avocat de l\u2019enseignante, d\u00e9plore cette nouvelle sanction qui \u00abva contre les pr\u00e9conisations du rapport d\u2019enqu\u00eate interne\u00bb. \u00abMa cliente a fait des recours gracieux et hi\u00e9rarchique contre cette d\u00e9cision qui appara\u00eet extr\u00eamement lourde compte tenu de la carri\u00e8re exemplaire et des circonstances particuli\u00e8res de cette affaire\u00bb, a-t-il ajout\u00e9.<\/p>\n<p class=\"fig-paragraph\">Pour Me Edberg, cette nouvelle condamnation n\u2019est toujours pas \u00e0 la hauteur de ce qu\u2019elle attendait <strong>:<\/strong> \u00absuspendre pendant un an, une enseignante qui a lev\u00e9 la main sur un enfant de trois ans, ce n\u2019est pas rendre justice. Ce n\u2019est pas non plus prot\u00e9ger l\u2019avenir\u00bb, a-t-elle indiqu\u00e9. En parall\u00e8le, Me Hazan d\u00e9clare qu\u2019\u00aben cas d\u2019\u00e9chec des recours interne\u00bb l\u2019enseignante devrait saisir le tribunal administratif, mais \u00abesp\u00e8re ne pas devoir le faire\u00bb.<\/p>\n<p>\u00abJ\u2019\u00e9tais compl\u00e8tement d\u00e9sempar\u00e9e\u00bb<\/p>\n<p class=\"fig-paragraph\">\u00abJe tenais \u00e0 pr\u00e9senter mes excuses d\u2019abord \u00e0 la petite M\u00e9lia*, \u00e0 ses parents, sa famille, pour ce geste fautif que je regrette\u00bb, avait commenc\u00e9 l\u2019enseignante en larmes, le jour de son proc\u00e8s. Au service de l\u2019\u00c9ducation nationale depuis pr\u00e8s de 30 ans, la professeur s\u2019\u00e9tait justifi\u00e9e en rappelant le contexte qui avait pu \u00abexpliquer\u00bb son geste\u00a0: la quinquag\u00e9naire souffrait de probl\u00e8mes de sant\u00e9 et quelques jours avant, elle avait appris le d\u00e9c\u00e8s d\u2019un proche. La petite victime \u00e9tait particuli\u00e8rement agit\u00e9e ce jour-l\u00e0 et avait notamment d\u00e9cid\u00e9 de passer sa col\u00e8re en jetant des chaises en classe, dont l\u2019une avait presque atterri sur un autre enfant. Apr\u00e8s avoir tent\u00e9 de la calmer \u00e0 plusieurs reprises et dans un climat de tensions avec la rentr\u00e9e scolaire, la professeur avait alors \u00abperdu son sang-froid\u00bb.<\/p>\n<p class=\"fig-paragraph\">La m\u00e8re d\u2019un autre \u00e9l\u00e8ve, pr\u00e9sente ce jour-l\u00e0, avait d\u00e9gain\u00e9 son t\u00e9l\u00e9phone portable pour, \u00e0 l\u2019origine, filmer le premier jour d\u2019\u00e9cole de son enfant. Lorsqu\u2019elle s\u2019\u00e9tait rendu compte du chaos qu\u2019engendrait la petite M\u00e9lia, elle avait alors d\u00e9cid\u00e9 de capturer en images la sc\u00e8ne, et la vid\u00e9o avait largement fait le tour des r\u00e9seaux sociaux. On y voyait \u00e9galement la petite fille se faire asperger le visage avec un liquide non identifi\u00e9. \u00abJ\u2019\u00e9tais compl\u00e8tement d\u00e9sempar\u00e9e\u00bb, avouait l\u2019enseignante qui expliquait avoir pris un vaporisateur \u00abqui sert \u00e0 rafra\u00eechir les \u00e9l\u00e8ves quand il fait chaud\u00bb.<\/p>\n<p class=\"fig-paragraph\">Le jour de l\u2019audience, l\u2019enseignante avait d\u00e9clar\u00e9 \u00eatre \u00abpassionn\u00e9e\u00bb par son m\u00e9tier, qu\u2019il s\u2019agissait d\u2019une \u00abvocation\u00bb. \u00abJ\u2019aimerais continuer \u00e0 \u00eatre professeur mais pas dans ces conditions et une \u00e9cole aussi difficile. J\u2019aurais besoin de temps\u00bb, pr\u00e9cisait-elle. \u00abMa cliente esp\u00e8re une r\u00e9duction de la dur\u00e9e de sa suspension et surtout que son traitement soit maintenu\u00bb, a conclu Me Hazan.<\/p>\n<p class=\"fig-paragraph\">*Le pr\u00e9nom a \u00e9t\u00e9 modifi\u00e9.<\/p>\n","protected":false},"excerpt":{"rendered":"Jug\u00e9e le 21 f\u00e9vrier dernier \u00e0 Paris pour avoir donn\u00e9 un coup dans le dos \u00e0 une enfant&hellip;\n","protected":false},"author":2,"featured_media":159616,"comment_status":"","ping_status":"","sticky":false,"template":"","format":"standard","meta":{"footnotes":""},"categories":[1888],"tags":[119,1111,1928,11,1927,3694,271,2951,1122,1719,3695,11271,1777,674,3696,118,1011,27,2825,1253,303,12,1926,626,1925,1072,2694,25,2949],"class_list":{"0":"post-159615","1":"post","2":"type-post","3":"status-publish","4":"format-standard","5":"has-post-thumbnail","7":"category-paris","8":"tag-accident","9":"tag-actu","10":"tag-actu-paris","11":"tag-actualites","12":"tag-actualites-paris","13":"tag-affaires","14":"tag-crime","15":"tag-criminalite","16":"tag-ecole","17":"tag-enfants","18":"tag-enquetes","19":"tag-enseignants","20":"tag-eu","21":"tag-europe","22":"tag-evenements","23":"tag-faits-divers","24":"tag-fr","25":"tag-france","26":"tag-insecurite","27":"tag-islamisme","28":"tag-justice","29":"tag-news","30":"tag-news-paris","31":"tag-paris","32":"tag-paris-news","33":"tag-police","34":"tag-proces","35":"tag-republique-francaise","36":"tag-violences"},"share_on_mastodon":{"url":"https:\/\/pubeurope.com\/@fr\/114644802867406085","error":""},"_links":{"self":[{"href":"https:\/\/www.europesays.com\/fr\/wp-json\/wp\/v2\/posts\/159615","targetHints":{"allow":["GET"]}}],"collection":[{"href":"https:\/\/www.europesays.com\/fr\/wp-json\/wp\/v2\/posts"}],"about":[{"href":"https:\/\/www.europesays.com\/fr\/wp-json\/wp\/v2\/types\/post"}],"author":[{"embeddable":true,"href":"https:\/\/www.europesays.com\/fr\/wp-json\/wp\/v2\/users\/2"}],"replies":[{"embeddable":true,"href":"https:\/\/www.europesays.com\/fr\/wp-json\/wp\/v2\/comments?post=159615"}],"version-history":[{"count":0,"href":"https:\/\/www.europesays.com\/fr\/wp-json\/wp\/v2\/posts\/159615\/revisions"}],"wp:featuredmedia":[{"embeddable":true,"href":"https:\/\/www.europesays.com\/fr\/wp-json\/wp\/v2\/media\/159616"}],"wp:attachment":[{"href":"https:\/\/www.europesays.com\/fr\/wp-json\/wp\/v2\/media?parent=159615"}],"wp:term":[{"taxonomy":"category","embeddable":true,"href":"https:\/\/www.europesays.com\/fr\/wp-json\/wp\/v2\/categories?post=159615"},{"taxonomy":"post_tag","embeddable":true,"href":"https:\/\/www.europesays.com\/fr\/wp-json\/wp\/v2\/tags?post=159615"}],"curies":[{"name":"wp","href":"https:\/\/api.w.org\/{rel}","templated":true}]}}