{"id":159617,"date":"2025-06-08T00:00:10","date_gmt":"2025-06-08T00:00:10","guid":{"rendered":"https:\/\/www.europesays.com\/fr\/159617\/"},"modified":"2025-06-08T00:00:10","modified_gmt":"2025-06-08T00:00:10","slug":"previsions-du-dimanche-8-juin-2025-8","status":"publish","type":"post","link":"https:\/\/www.europesays.com\/fr\/159617\/","title":{"rendered":"pr\u00e9visions du dimanche 8 juin 2025"},"content":{"rendered":"<p>Aujourd&rsquo;hui, \u00e0 Paris, des nuages \u00e9mailleront le ciel, g\u00eanant ainsi l&rsquo;apparition du soleil. Les valeurs seront comprises entre 11 et 20\u00b0C. Des pluies \u00e9parses vont tomber au cours de la matin\u00e9e. Les temp\u00e9ratures tourneront autour des 15\u00b0C. Un l\u00e9ger vent d&rsquo;ouest sera ressenti par les habitants. L&rsquo;apr\u00e8s-midi, le vent va peu \u00e0 peu \u00e9loigner les nuages. Les temp\u00e9ratures vont conna\u00eetre une hausse de quelques degr\u00e9s. Les valeurs s&rsquo;\u00e9chelonneront entre 17\u00b0C et 20\u00b0C. Le passage de dimanche \u00e0 lundi s&rsquo;effectuera sous un ciel d\u00e9pourvu de nuages.<\/p>\n<p>C&rsquo;est un soleil \u00e9clatant qui va briller demain sur Paris. Les valeurs afficheront entre 9 et 23\u00b0C. Un vent de nord-ouest rafra\u00eechira quelque peu l&rsquo;atmosph\u00e8re. Une m\u00e9t\u00e9o plus chaude est pr\u00e9vue demain apr\u00e8s-midi \u00e9tant donn\u00e9 que les temp\u00e9ratures vont enregistrer une l\u00e9g\u00e8re augmentation. Les valeurs s&rsquo;\u00e9chelonneront de 21 \u00e0 23\u00b0C. Il va faire environ 19\u00b0C, demain soir.<\/p>\n<p>Les jours s&rsquo;encha\u00eenent et se ressemblent. Il va faire un temps assez ensoleill\u00e9 avec des temp\u00e9ratures avoisinant 20\u00b0C.<\/p>\n<p><\/p>\n","protected":false},"excerpt":{"rendered":"Aujourd&rsquo;hui, \u00e0 Paris, des nuages \u00e9mailleront le ciel, g\u00eanant ainsi l&rsquo;apparition du soleil. Les valeurs seront comprises entre&hellip;\n","protected":false},"author":2,"featured_media":159618,"comment_status":"","ping_status":"","sticky":false,"template":"","format":"standard","meta":{"footnotes":""},"categories":[1888],"tags":[11,1777,674,1011,27,662,12,626,2119,25],"class_list":{"0":"post-159617","1":"post","2":"type-post","3":"status-publish","4":"format-standard","5":"has-post-thumbnail","7":"category-paris","8":"tag-actualites","9":"tag-eu","10":"tag-europe","11":"tag-fr","12":"tag-france","13":"tag-ile-de-france","14":"tag-news","15":"tag-paris","16":"tag-previsions-meteo","17":"tag-republique-francaise"},"share_on_mastodon":{"url":"https:\/\/pubeurope.com\/@fr\/114644806835660348","error":""},"_links":{"self":[{"href":"https:\/\/www.europesays.com\/fr\/wp-json\/wp\/v2\/posts\/159617","targetHints":{"allow":["GET"]}}],"collection":[{"href":"https:\/\/www.europesays.com\/fr\/wp-json\/wp\/v2\/posts"}],"about":[{"href":"https:\/\/www.europesays.com\/fr\/wp-json\/wp\/v2\/types\/post"}],"author":[{"embeddable":true,"href":"https:\/\/www.europesays.com\/fr\/wp-json\/wp\/v2\/users\/2"}],"replies":[{"embeddable":true,"href":"https:\/\/www.europesays.com\/fr\/wp-json\/wp\/v2\/comments?post=159617"}],"version-history":[{"count":0,"href":"https:\/\/www.europesays.com\/fr\/wp-json\/wp\/v2\/posts\/159617\/revisions"}],"wp:featuredmedia":[{"embeddable":true,"href":"https:\/\/www.europesays.com\/fr\/wp-json\/wp\/v2\/media\/159618"}],"wp:attachment":[{"href":"https:\/\/www.europesays.com\/fr\/wp-json\/wp\/v2\/media?parent=159617"}],"wp:term":[{"taxonomy":"category","embeddable":true,"href":"https:\/\/www.europesays.com\/fr\/wp-json\/wp\/v2\/categories?post=159617"},{"taxonomy":"post_tag","embeddable":true,"href":"https:\/\/www.europesays.com\/fr\/wp-json\/wp\/v2\/tags?post=159617"}],"curies":[{"name":"wp","href":"https:\/\/api.w.org\/{rel}","templated":true}]}}