{"id":15962,"date":"2025-04-10T22:12:13","date_gmt":"2025-04-10T22:12:13","guid":{"rendered":"https:\/\/www.europesays.com\/fr\/15962\/"},"modified":"2025-04-10T22:12:13","modified_gmt":"2025-04-10T22:12:13","slug":"atp-monte-carlo-djokovic-sur-la-fronde-des-joueurs-contre-les-grands-chelems-esperons-quils-repondent-positivement-et-voudront-rencontrer-les-joueurs-pour-discuter-pas-seulement-de-la-reparti","status":"publish","type":"post","link":"https:\/\/www.europesays.com\/fr\/15962\/","title":{"rendered":"ATP &#8211; Monte Carlo > Djokovic sur la fronde des joueurs contre les Grands Chelems : \u00ab\u00a0Esp\u00e9rons qu&rsquo;ils r\u00e9pondent positivement et voudront rencontrer les joueurs pour discuter. Pas seulement de la r\u00e9partition des revenus\u00a0\u00bb"},"content":{"rendered":"<p>Alors que son asso\u00adcia\u00adtion (la PTPA, qu\u2019il a co\u2010fond\u00e9e en 2019 avec Vasek Pospisil) a r\u00e9cem\u00adment lanc\u00e9 <a href=\"https:\/\/www.welovetennis.fr\/atp-wta\/attaquee-en-justice-par-lassociation-de-novak-djokovic-latp-reagit-avec-force-la-ptpa-a-systematiquement-privilegie-la-division-et-la-diversion-par-la-desinformation-plutot-que-le-progres\" data-wpel-link=\"internal\" target=\"_blank\" rel=\"noopener\">une action en justice contre l\u2019ATP, la WTA, l\u2019ITF et l\u2019ITIA<\/a>, plusieurs joueurs et joueuses du top 20 ont eux<a href=\"https:\/\/www.welovetennis.fr\/atp-wta\/le-top-20-monte-au-front-les-tournois-du-grand-chelem-peuvent-vraiment-trembler\" data-wpel-link=\"internal\" target=\"_blank\" rel=\"noopener\"> envoy\u00e9 une lettre aux quatre tour\u00adnois du Grand Chelem dans laquelle ils r\u00e9clament notam\u00adment une augmen\u00adta\u00adtion du prize money<\/a>. <\/p>\n<p>En conf\u00e9\u00adrence de presse \u00e0 Monte\u2010Carlo, o\u00f9 il affron\u00adtera Alejandro Tabilo pour son entr\u00e9e en lice au deuxi\u00e8me tour, le Serbe s\u2019est exprim\u00e9 sur la situation.\u00a0<\/p>\n<p><strong>\u00ab\u202fLes joueurs ont le senti\u00adment qu\u2019on devrait essayer de se rappro\u00adcher ce qui se fait concer\u00adnant les prize money dans les tour\u00adnois de l\u2019ATP. \u00c7a me semble\u00adrait juste, si on r\u00e9fl\u00e9\u00adchit de mani\u00e8re ration\u00adnelle. \u00c7a ne va pas arriver en un jour, si \u00e7a arrive. C\u2019est \u00e0 envi\u00adsager sur le long terme. Esp\u00e9rons que les tour\u00adnois du Grand Chelem r\u00e9pondent posi\u00adti\u00adve\u00adment et voudront rencon\u00adtrer les joueurs pour discuter. Pas seule\u00adment de la r\u00e9par\u00adti\u00adtion des revenus. Les joueurs ont aussi le senti\u00adment que les Grands Chelems devraient \u00e9gale\u00adment discuter au moment de prendre des d\u00e9ci\u00adsions qui les concernent. \u00c7a nous affecte, on devrait faire partie du processus. M\u00eame si ce n\u2019est pas toujours possible pour les top players d\u2019\u00eatre pr\u00e9sents \u00e0 toutes les r\u00e9unions, on peut envi\u00adsager des r\u00e9unions Zoom ou autre en tout\u00a0cas.\u202f\u00bb<\/strong><\/p>\n<p class=\"post-published-date\" style=\"color: silver; font-size: 75%; text-align: left;\">Publi\u00e9 le mardi 8 avril 2025 \u00e0 13:09<\/p>\n","protected":false},"excerpt":{"rendered":"Alors que son asso\u00adcia\u00adtion (la PTPA, qu\u2019il a co\u2010fond\u00e9e en 2019 avec Vasek Pospisil) a r\u00e9cem\u00adment lanc\u00e9 une&hellip;\n","protected":false},"author":2,"featured_media":15963,"comment_status":"","ping_status":"","sticky":false,"template":"","format":"standard","meta":{"footnotes":""},"categories":[1415],"tags":[105,1011,27,60,1467],"class_list":{"0":"post-15962","1":"post","2":"type-post","3":"status-publish","4":"format-standard","5":"has-post-thumbnail","7":"category-tennis","8":"tag-djokovic","9":"tag-fr","10":"tag-france","11":"tag-sports","12":"tag-tennis"},"share_on_mastodon":{"url":"https:\/\/pubeurope.com\/@fr\/114315968058599030","error":""},"_links":{"self":[{"href":"https:\/\/www.europesays.com\/fr\/wp-json\/wp\/v2\/posts\/15962","targetHints":{"allow":["GET"]}}],"collection":[{"href":"https:\/\/www.europesays.com\/fr\/wp-json\/wp\/v2\/posts"}],"about":[{"href":"https:\/\/www.europesays.com\/fr\/wp-json\/wp\/v2\/types\/post"}],"author":[{"embeddable":true,"href":"https:\/\/www.europesays.com\/fr\/wp-json\/wp\/v2\/users\/2"}],"replies":[{"embeddable":true,"href":"https:\/\/www.europesays.com\/fr\/wp-json\/wp\/v2\/comments?post=15962"}],"version-history":[{"count":0,"href":"https:\/\/www.europesays.com\/fr\/wp-json\/wp\/v2\/posts\/15962\/revisions"}],"wp:featuredmedia":[{"embeddable":true,"href":"https:\/\/www.europesays.com\/fr\/wp-json\/wp\/v2\/media\/15963"}],"wp:attachment":[{"href":"https:\/\/www.europesays.com\/fr\/wp-json\/wp\/v2\/media?parent=15962"}],"wp:term":[{"taxonomy":"category","embeddable":true,"href":"https:\/\/www.europesays.com\/fr\/wp-json\/wp\/v2\/categories?post=15962"},{"taxonomy":"post_tag","embeddable":true,"href":"https:\/\/www.europesays.com\/fr\/wp-json\/wp\/v2\/tags?post=15962"}],"curies":[{"name":"wp","href":"https:\/\/api.w.org\/{rel}","templated":true}]}}