{"id":159625,"date":"2025-06-08T00:04:11","date_gmt":"2025-06-08T00:04:11","guid":{"rendered":"https:\/\/www.europesays.com\/fr\/159625\/"},"modified":"2025-06-08T00:04:11","modified_gmt":"2025-06-08T00:04:11","slug":"le-tiktokeur-khaby-lame-brievement-arrete-aux-etats-unis","status":"publish","type":"post","link":"https:\/\/www.europesays.com\/fr\/159625\/","title":{"rendered":"Le tiktokeur Khaby Lame bri\u00e8vement arr\u00eat\u00e9 aux \u00c9tats-Unis"},"content":{"rendered":"<p>La police am\u00e9ricaine de l\u2019immigration (ICE) a remarqu\u00e9 qu\u2019il avait d\u00e9pass\u00e9 la dur\u00e9e de validit\u00e9 de son visa. Les autorit\u00e9s ont finalement autoris\u00e9 son \u00abd\u00e9part volontaire\u00bb des \u00c9tats-Unis.<\/p>\n<p class=\"fig-paragraph\">Le tiktokeur le plus suivi au monde, le s\u00e9n\u00e9galo-italien\u00a0<a href=\"https:\/\/www.lefigaro.fr\/actualite-france\/khaby-lame-croyez-en-vos-reves-tout-est-possible-20220517\" data-fig-type=\"Article\" data-gtm-custom-categorie=\"navigation\" data-gtm-custom-action=\"crossclick\" data-gtm-custom-label=\"Contextuel\" data-gtm-event=\"customEventSPE\" data-fig-domain=\"LEFIGARO\" target=\"_blank\" rel=\"noopener\">Khaby Lame<\/a>, a \u00e9t\u00e9 bri\u00e8vement arr\u00eat\u00e9 par la police am\u00e9ricaine de l&rsquo;immigration (ICE) qui a autoris\u00e9 son \u00abd\u00e9part volontaire\u00bb des \u00c9tats-Unis, apr\u00e8s qu&rsquo;il a d\u00e9pass\u00e9 la dur\u00e9e de validit\u00e9 de son visa, ont annonc\u00e9 les autorit\u00e9s samedi.<\/p>\n<p class=\"fig-paragraph\">\u00abLes autorit\u00e9s am\u00e9ricaines de l&rsquo;immigration et des douanes ont arr\u00eat\u00e9 (&#8230;) Khabane Lame, 25 ans, citoyen italien, le 6 juin, \u00e0 l&rsquo;a\u00e9roport international Harry Reid de Las Vegas (Nevada) pour violation des lois sur l&rsquo;immigration\u00bb, a indiqu\u00e9 l&rsquo;agence dans un communiqu\u00e9 transmis \u00e0 l&rsquo;AFP. Khaby Lame \u00e9tait entr\u00e9 aux \u00c9tats-Unis le 30 avril et \u00aba d\u00e9pass\u00e9 la dur\u00e9e de validit\u00e9 de son visa\u00bb, ajoute le communiqu\u00e9 de l&rsquo;ICE.<\/p>\n<p class=\"fig-paragraph\">Num\u00e9ro un au monde de l&rsquo;application TikTok, o\u00f9 il compte 162,2 millions d&rsquo;abonn\u00e9s, l&rsquo;influenceur italien d&rsquo;origine s\u00e9n\u00e9galaise \u00abs&rsquo;est vu accorder un d\u00e9part volontaire le 6 juin et a depuis quitt\u00e9 les \u00c9tats-Unis\u00bb. Samedi apr\u00e8s-midi, Khaby Lame n&rsquo;avait pas encore publi\u00e9 d&rsquo;article sur l&rsquo;incident.<\/p>\n<p>Les contr\u00f4les de l\u2019immigration renforc\u00e9s<\/p>\n<p class=\"fig-paragraph\">Depuis son retour au pouvoir en janvier, le pr\u00e9sident Donald Trump a tenu ses promesses de campagne en renfor\u00e7ant les contr\u00f4les de l&rsquo;immigration et en menant une campagne d&rsquo;expulsions massives des \u00c9tats-Unis, dont certains aspects ont \u00e9t\u00e9 contest\u00e9s devant les tribunaux am\u00e9ricains.<\/p>\n<p class=\"fig-paragraph\">Khaby Lame, nomm\u00e9 ambassadeur de l&rsquo;Unicef fin janvier, s&rsquo;est fait conna\u00eetre par ses courtes vid\u00e9os muettes qui se moquent des tutoriels et des conseils alambiqu\u00e9s qui abondent sur internet. Il ponctue ses vid\u00e9os d&rsquo;un geste caract\u00e9ristique, les paumes tourn\u00e9es vers le ciel, accompagn\u00e9es d&rsquo;un sourire complice et de grands yeux, en proposant ses propres rem\u00e8des simples.<\/p>\n<p class=\"fig-paragraph\">L&rsquo;id\u00e9e de son contenu lui est venue alors qu&rsquo;il se promenait dans la cit\u00e9 HLM o\u00f9 vivait sa famille \u00e0 Chivasso, pr\u00e8s de Turin, apr\u00e8s avoir perdu son emploi de m\u00e9canicien d&rsquo;usine en mars 2020. Ses publications ont d\u00e9coll\u00e9 et lui ont permis de g\u00e9n\u00e9rer d&rsquo;importants revenus. Il a par exemple gagn\u00e9 environ 16,5 millions de dollars gr\u00e2ce \u00e0 des contrats de partenariat avec des entreprises entre juin 2022 et septembre 2023, selon Forbes.<\/p>\n","protected":false},"excerpt":{"rendered":"La police am\u00e9ricaine de l\u2019immigration (ICE) a remarqu\u00e9 qu\u2019il avait d\u00e9pass\u00e9 la dur\u00e9e de validit\u00e9 de son visa.&hellip;\n","protected":false},"author":2,"featured_media":159626,"comment_status":"","ping_status":"","sticky":false,"template":"","format":"standard","meta":{"footnotes":""},"categories":[1589],"tags":[259,11,260,73,1866,1061,14,29107,261,12,262,2439,1864,1865,1863,308],"class_list":{"0":"post-159625","1":"post","2":"type-post","3":"status-publish","4":"format-standard","5":"has-post-thumbnail","7":"category-etats-unis","8":"tag-actualite-internationale","9":"tag-actualites","10":"tag-affaires-etrangeres","11":"tag-etats-unis","12":"tag-etats-unis-damerique","13":"tag-immigration","14":"tag-international","15":"tag-khaby-lame","16":"tag-ministere-des-affaires-etrangeres","17":"tag-news","18":"tag-politique-etrangere","19":"tag-tiktok","20":"tag-united-states","21":"tag-united-states-of-america","22":"tag-us","23":"tag-usa"},"share_on_mastodon":{"url":"https:\/\/pubeurope.com\/@fr\/114644822636001450","error":""},"_links":{"self":[{"href":"https:\/\/www.europesays.com\/fr\/wp-json\/wp\/v2\/posts\/159625","targetHints":{"allow":["GET"]}}],"collection":[{"href":"https:\/\/www.europesays.com\/fr\/wp-json\/wp\/v2\/posts"}],"about":[{"href":"https:\/\/www.europesays.com\/fr\/wp-json\/wp\/v2\/types\/post"}],"author":[{"embeddable":true,"href":"https:\/\/www.europesays.com\/fr\/wp-json\/wp\/v2\/users\/2"}],"replies":[{"embeddable":true,"href":"https:\/\/www.europesays.com\/fr\/wp-json\/wp\/v2\/comments?post=159625"}],"version-history":[{"count":0,"href":"https:\/\/www.europesays.com\/fr\/wp-json\/wp\/v2\/posts\/159625\/revisions"}],"wp:featuredmedia":[{"embeddable":true,"href":"https:\/\/www.europesays.com\/fr\/wp-json\/wp\/v2\/media\/159626"}],"wp:attachment":[{"href":"https:\/\/www.europesays.com\/fr\/wp-json\/wp\/v2\/media?parent=159625"}],"wp:term":[{"taxonomy":"category","embeddable":true,"href":"https:\/\/www.europesays.com\/fr\/wp-json\/wp\/v2\/categories?post=159625"},{"taxonomy":"post_tag","embeddable":true,"href":"https:\/\/www.europesays.com\/fr\/wp-json\/wp\/v2\/tags?post=159625"}],"curies":[{"name":"wp","href":"https:\/\/api.w.org\/{rel}","templated":true}]}}