{"id":159629,"date":"2025-06-08T00:06:14","date_gmt":"2025-06-08T00:06:14","guid":{"rendered":"https:\/\/www.europesays.com\/fr\/159629\/"},"modified":"2025-06-08T00:06:14","modified_gmt":"2025-06-08T00:06:14","slug":"brand-affrontera-la-france-avec-lallemagne-en-ligue-des-nations","status":"publish","type":"post","link":"https:\/\/www.europesays.com\/fr\/159629\/","title":{"rendered":"Brand affrontera la France avec l&rsquo;Allemagne en Ligue des Nations"},"content":{"rendered":"<p>                            <img width=\"770\" height=\"433\" src=\"https:\/\/www.europesays.com\/fr\/wp-content\/uploads\/2025\/06\/41_2024-638578750320351881-35-770x433.jpg\" class=\"attachment-article size-article wp-post-image\" alt=\"Jule Brand, attaquante de Wolfsburg et de l'Allemagne\" decoding=\"async\" fetchpriority=\"high\"  \/><\/p>\n<p>Jule Brand, attaquante de Wolfsburg et de l\u2019Allemagne (AFP)<\/p>\n<p>Nouvelle recrue de l&rsquo;OL Lyonnes, Jule Brand retrouvera certaines de ses co\u00e9quipi\u00e8res en demi-finale de la Ligue des Nations. L&rsquo;Allemagne a h\u00e9rit\u00e9 de la France avec deux matchs les 24 et 28 octobre prochains.<\/p>\n<p>Elle a lanc\u00e9 l&rsquo;\u00e9t\u00e9 indien qui se pr\u00e9pare \u00e0 D\u00e9cines. En signant pour trois saisons, Jule <strong>Brand <\/strong>est devenue la<a href=\"https:\/\/www.olympique-et-lyonnais.com\/mercato-lol-lyonnes-tient-sa-premiere-recrue-avec-jule-brand,362606.html\" target=\"_blank\" rel=\"noopener\"> premi\u00e8re recrue<\/a> de la nouvelle \u00e8re de l&rsquo;OL Lyonnes. En misant sur l&rsquo;Allemande, Michele <strong>Kang <\/strong>et Vincent <strong><a href=\"https:\/\/www.olympique-et-lyonnais.com\/ponsot-giraldez-doit-faire-gagner-et-bien-jouer-lol-lyonnes,364660.html\" target=\"_blank\" rel=\"noopener\">Ponsot <\/a><\/strong>ont cherch\u00e9 \u00e0 faire d&rsquo;une pierre deux coups. Recruter une jeune joueuse, mais qui a aussi d\u00e9j\u00e0 prouv\u00e9 au haut niveau. Pour les supporters lyonnais qui aimeraient se faire une id\u00e9e, Jule <strong>Brand <\/strong>devrait logiquement participer \u00e0 l&rsquo;Euro 2025 avec l&rsquo;Allemagne dans les prochaines semaines. Elle retrouvera ensuite ses nouvelles co\u00e9quipi\u00e8res de l&rsquo;<strong>OL Lyonnes<\/strong> pour le d\u00e9but de la saison de Premi\u00e8re Ligue. Ces retrouvailles se feront \u00e9galement en s\u00e9lection.<\/p>\n<p>Remake de la derni\u00e8re \u00e9dition<\/p>\n<p>En effet, la s\u00e9lection allemande a d\u00e9croch\u00e9 son ticket pour le Final Four de la Ligue des Nations et attendait de connaitre son adversaire. Le tirage a eu lieu vendredi et l&rsquo;Allemagne affrontera l&rsquo;\u00e9quipe de France de Laurent <strong>Bonadei<\/strong>. L&rsquo;occasion pour Brand de croiser le fer avec certaines autres Lyonnaises comme Kadidiatou <strong>Diani<\/strong>, Selma <strong>Bacha <\/strong>ou encore Marie-Antoinette <a href=\"https:\/\/www.olympique-et-lyonnais.com\/katoto-on-etait-faits-pour-se-trouver-un-jour-avec-l-ol-lyonnes,364188.html\" target=\"_blank\" rel=\"noopener\">Katoto<\/a>. Le match aller aura lieu le 24 octobre en Allemagne avant un retour \u00e0 Caen le 28 du m\u00eame mois.<\/p>\n<p>\t\t\t\t\t<a href=\"https:\/\/www.olympique-et-lyonnais.com\/ol-bleus-cherki-a-eu-un-declic-lete-dernier-selon-lacazette,364765.html\" title=\"OL - Bleus : Cherki a &quot;eu un d\u00e9clic l&#039;\u00e9t\u00e9 dernier&quot; selon Lacazette\" target=\"_blank\" rel=\"noopener\"><img loading=\"lazy\" width=\"580\" height=\"326\" src=\"https:\/\/www.europesays.com\/fr\/wp-content\/uploads\/2025\/06\/AFP__20250517__47624ZR__v1__HighRes__FblFraLigue1LyonAngers-580x326.jpg\" class=\"attachment-actularge size-actularge wp-post-image\" alt=\"Rayan Cherki et Alexandre Lacazette lors d'OL - Angers\" decoding=\"async\"  \/>\t\t\t\t\t<\/a><\/p>\n","protected":false},"excerpt":{"rendered":"Jule Brand, attaquante de Wolfsburg et de l\u2019Allemagne (AFP) Nouvelle recrue de l&rsquo;OL Lyonnes, Jule Brand retrouvera certaines&hellip;\n","protected":false},"author":2,"featured_media":159630,"comment_status":"","ping_status":"","sticky":false,"template":"","format":"standard","meta":{"footnotes":""},"categories":[1587],"tags":[11,672,1804,1805,1803,1777,674,1801,12,241,242,1802],"class_list":{"0":"post-159629","1":"post","2":"type-post","3":"status-publish","4":"format-standard","5":"has-post-thumbnail","7":"category-allemagne","8":"tag-actualites","9":"tag-allemagne","10":"tag-bundesrepublik-deutschland","11":"tag-de","12":"tag-deutschland","13":"tag-eu","14":"tag-europe","15":"tag-germany","16":"tag-news","17":"tag-ol","18":"tag-ol-feminin","19":"tag-republique-federale-dallemagne"},"share_on_mastodon":{"url":"https:\/\/pubeurope.com\/@fr\/114644830455655747","error":""},"_links":{"self":[{"href":"https:\/\/www.europesays.com\/fr\/wp-json\/wp\/v2\/posts\/159629","targetHints":{"allow":["GET"]}}],"collection":[{"href":"https:\/\/www.europesays.com\/fr\/wp-json\/wp\/v2\/posts"}],"about":[{"href":"https:\/\/www.europesays.com\/fr\/wp-json\/wp\/v2\/types\/post"}],"author":[{"embeddable":true,"href":"https:\/\/www.europesays.com\/fr\/wp-json\/wp\/v2\/users\/2"}],"replies":[{"embeddable":true,"href":"https:\/\/www.europesays.com\/fr\/wp-json\/wp\/v2\/comments?post=159629"}],"version-history":[{"count":0,"href":"https:\/\/www.europesays.com\/fr\/wp-json\/wp\/v2\/posts\/159629\/revisions"}],"wp:featuredmedia":[{"embeddable":true,"href":"https:\/\/www.europesays.com\/fr\/wp-json\/wp\/v2\/media\/159630"}],"wp:attachment":[{"href":"https:\/\/www.europesays.com\/fr\/wp-json\/wp\/v2\/media?parent=159629"}],"wp:term":[{"taxonomy":"category","embeddable":true,"href":"https:\/\/www.europesays.com\/fr\/wp-json\/wp\/v2\/categories?post=159629"},{"taxonomy":"post_tag","embeddable":true,"href":"https:\/\/www.europesays.com\/fr\/wp-json\/wp\/v2\/tags?post=159629"}],"curies":[{"name":"wp","href":"https:\/\/api.w.org\/{rel}","templated":true}]}}