{"id":159633,"date":"2025-06-08T00:08:11","date_gmt":"2025-06-08T00:08:11","guid":{"rendered":"https:\/\/www.europesays.com\/fr\/159633\/"},"modified":"2025-06-08T00:08:11","modified_gmt":"2025-06-08T00:08:11","slug":"jennifer-garner-admet-avoir-eu-recours-a-la-chirurgie-esthetique","status":"publish","type":"post","link":"https:\/\/www.europesays.com\/fr\/159633\/","title":{"rendered":"Jennifer Garner admet avoir eu recours \u00e0 la chirurgie esth\u00e9tique"},"content":{"rendered":"<p>Jennifer Garner a reconnu avoir eu recours \u00e0 certaines interventions esth\u00e9tiques.<\/p>\n<p>La star hollywoodienne de 53 ans confie dans Harper&rsquo;s Bazaar n&rsquo;en faire \u00ab pas beaucoup \u00bb, juste assez pour se sentir en phase avec elle-m\u00eame.<\/p>\n<p>\u00ab Le Botox ne fonctionne pas tr\u00e8s bien pour moi ; c&rsquo;est pourquoi je porte souvent une frange. J&rsquo;aime pouvoir bouger mon front et c&rsquo;est une grande partie de mon visage \u00bb, a-t-elle d\u00e9clar\u00e9.<\/p>\n<p>Si le Botox n&rsquo;a pas donn\u00e9 les r\u00e9sultats escompt\u00e9s, les injections pour lisser la peau semblent avoir mieux fonctionn\u00e9. La star a donn\u00e9 son meilleur conseil sur le sujet : \u00ab En ce qui concerne les injections, je pense qu&rsquo;il faut trouver quelqu&rsquo;un de fantastique et proc\u00e9der avec prudence \u00bb.<\/p>\n<p>Jennifer Garner a \u00e9galement laiss\u00e9 entendre qu&rsquo;elle n&rsquo;excluait pas de subir des proc\u00e9dures plus intensives \u00e0 l&rsquo;avenir, seulement, l&rsquo;avis du corps m\u00e9dical prime toujours sur ses envies.<\/p>\n<p>\u00ab Je n&rsquo;ai pas encore eu besoin (de chirurgie plastique), mais je ne peux pas dire que je n&rsquo;ai pas d\u00e9j\u00e0 demand\u00e9 aux m\u00e9decins si je devais faire ceci ou cela. Et j&rsquo;ai eu des m\u00e9decins tr\u00e8s gentils qui m&rsquo;ont dit \u00ab\u00a0Non\u00a0\u00bb. Dieu seul sait ce qu&rsquo;il en sera dans dix ans. Je n&rsquo;en suis pas encore l\u00e0 \u00bb, a ajout\u00e9 Jennifer Garner.<\/p>\n","protected":false},"excerpt":{"rendered":"Jennifer Garner a reconnu avoir eu recours \u00e0 certaines interventions esth\u00e9tiques. La star hollywoodienne de 53 ans confie&hellip;\n","protected":false},"author":2,"featured_media":159634,"comment_status":"","ping_status":"","sticky":false,"template":"","format":"standard","meta":{"footnotes":""},"categories":[1586],"tags":[11,6661,1777,674,1779,1011,27,29115,29116,12,25,1778,364],"class_list":{"0":"post-159633","1":"post","2":"type-post","3":"status-publish","4":"format-standard","5":"has-post-thumbnail","7":"category-europe","8":"tag-actualites","9":"tag-avoir","10":"tag-eu","11":"tag-europe","12":"tag-european-union","13":"tag-fr","14":"tag-france","15":"tag-jennifer-garner","16":"tag-la-star","17":"tag-news","18":"tag-republique-francaise","19":"tag-ue","20":"tag-union-europeenne"},"share_on_mastodon":{"url":"https:\/\/pubeurope.com\/@fr\/114644838346060921","error":""},"_links":{"self":[{"href":"https:\/\/www.europesays.com\/fr\/wp-json\/wp\/v2\/posts\/159633","targetHints":{"allow":["GET"]}}],"collection":[{"href":"https:\/\/www.europesays.com\/fr\/wp-json\/wp\/v2\/posts"}],"about":[{"href":"https:\/\/www.europesays.com\/fr\/wp-json\/wp\/v2\/types\/post"}],"author":[{"embeddable":true,"href":"https:\/\/www.europesays.com\/fr\/wp-json\/wp\/v2\/users\/2"}],"replies":[{"embeddable":true,"href":"https:\/\/www.europesays.com\/fr\/wp-json\/wp\/v2\/comments?post=159633"}],"version-history":[{"count":0,"href":"https:\/\/www.europesays.com\/fr\/wp-json\/wp\/v2\/posts\/159633\/revisions"}],"wp:featuredmedia":[{"embeddable":true,"href":"https:\/\/www.europesays.com\/fr\/wp-json\/wp\/v2\/media\/159634"}],"wp:attachment":[{"href":"https:\/\/www.europesays.com\/fr\/wp-json\/wp\/v2\/media?parent=159633"}],"wp:term":[{"taxonomy":"category","embeddable":true,"href":"https:\/\/www.europesays.com\/fr\/wp-json\/wp\/v2\/categories?post=159633"},{"taxonomy":"post_tag","embeddable":true,"href":"https:\/\/www.europesays.com\/fr\/wp-json\/wp\/v2\/tags?post=159633"}],"curies":[{"name":"wp","href":"https:\/\/api.w.org\/{rel}","templated":true}]}}