{"id":159660,"date":"2025-06-08T00:24:33","date_gmt":"2025-06-08T00:24:33","guid":{"rendered":"https:\/\/www.europesays.com\/fr\/159660\/"},"modified":"2025-06-08T00:24:33","modified_gmt":"2025-06-08T00:24:33","slug":"rym-renom-explique-pourquoi-elle-envisage-de-quitter-bali-pour-retourner-vivre-en-france","status":"publish","type":"post","link":"https:\/\/www.europesays.com\/fr\/159660\/","title":{"rendered":"Rym Renom explique pourquoi elle envisage de quitter Bali pour retourner vivre en France"},"content":{"rendered":"<p class=\"articleContent-meta\">\n        Hier \u00e0 17:00 &#8211; par             Aur\u00e9lie Hagopian<\/p>\n<p>                    Tweeter<\/p>\n<p>                    Partager sur Facebook<\/p>\n<p>                        <img decoding=\"async\" src=\"https:\/\/www.europesays.com\/fr\/wp-content\/uploads\/2025\/06\/qui-est-rym-renom.jpg\" alt=\"Player Video\" class=\"player-applyRatio poster exclude-seedtag\"\/><\/p>\n<p>Sur sa story Instagram du samedi 7 juin 2025, Rym Renom a avou\u00e9 qu&rsquo;elle songeait \u00e0 revenir vivre en France. La jeune maman se rend compte que ses filles sont tr\u00e8s heureuses entour\u00e9es de leur famille.<\/p>\n<p>Ces derni\u00e8res ann\u00e9es, Bali est devenue la destination privil\u00e9gi\u00e9e des influenceurs qui ont d\u00e9sert\u00e9 Duba\u00ef pour la plupart d&rsquo;entre eux. C&rsquo;est notamment le cas d&rsquo;Hillary, qui s&rsquo;est install\u00e9e sur l&rsquo;\u00eele indon\u00e9sienne avec Giovanni et leurs deux fils. De son c\u00f4t\u00e9, <a href=\"https:\/\/www.programme.tv\/news\/tele-realite\/262459-ma-maison-de-reve-est-bientot-terminee-anthony-mateo-la-villa-devoile-ses-impressionnants-travaux-a-bali-apres-avoir-investi-gros\/\" target=\"_blank\" rel=\"noopener\">Anthony Mat\u00e9o a construit la maison de ses r\u00eaves.<\/a> Quant \u00e0 <a href=\"https:\/\/www.programme.tv\/news\/tele-realite\/262647-je-ne-pense-qu-a-une-chose-rentrer-vincent-queijo-the-power-avoue-un-certain-mal-etre-a-bali-ces-derniers-mois\/\" target=\"_blank\" rel=\"noopener\">Vincent Queijo, il a r\u00e9cemment fait part de son mal-\u00eatre et de son envie de rentrer en France <\/a>apr\u00e8s plusieurs ann\u00e9es \u00e0 vivre \u00e0 Bali. Un sentiment partag\u00e9 par son ex-compagne, Rym Renom.<\/p>\n<p>Rym Renom a beaucoup grandi \u00e0 Bali, mais les choses ont chang\u00e9 depuis<\/p>\n<p>Voil\u00e0 quelques jours que <a href=\"https:\/\/www.programme.tv\/news\/tele-realite\/262676-on-a-peut-etre-une-date-de-depart-rym-renom-mamans-celebres-annonce-quelle-compte-quitter-bali-dans-les-prochaines-semaines\/\" target=\"_blank\" rel=\"noopener\">Vincent Queijo et Rym Renom sont de retour en France pour les vacances. <\/a>Apr\u00e8s <a href=\"https:\/\/www.programme.tv\/news\/tele-realite\/262647-je-ne-pense-qu-a-une-chose-rentrer-vincent-queijo-the-power-avoue-un-certain-mal-etre-a-bali-ces-derniers-mois\/\" target=\"_blank\" rel=\"noopener\">avoir \u00e9t\u00e9 arr\u00eat\u00e9e par la police \u00e0 l&rsquo;a\u00e9roport<\/a>, la jeune maman a retrouv\u00e9 ses filles et elle a fait un constat clair : elles sont vraiment \u00e9panouies aupr\u00e8s de leur famille. Sur sa story Instagram, Rym Renom a alors ressenti le besoin de s&rsquo;exprimer. \u00ab\u00a0Cela fait presque trois ans que je vis \u00e0 Bali. <b>Cette \u00eele m&rsquo;a tout donn\u00e9 : des enseignements, des rencontres, des \u00e9preuves, et surtout la chance de trouver ma voie professionnelle. <\/b>J&rsquo;y ai travers\u00e9 les moments les plus difficiles de ma vie, mais aussi les plus transformateurs\u00a0\u00bb, a-t-elle \u00e9crit avant de reconna\u00eetre : \u00ab\u00a0Et pourtant&#8230; aujourd&rsquo;hui, quand je vois mes filles entour\u00e9es de leur famille &#8211; leurs cousins, leurs oncles, leurs grands-parents &#8211; j&rsquo;ai les larmes aux yeux. Je me demande :<b> est-ce qu&rsquo;elles ne seraient pas plus heureuses, plus \u00e9panouies, en \u00e9tant proches de leur famille, qu&rsquo;elle soit en France, au Maroc ou en Espagne ?<\/b> Est-ce qu&rsquo;il est temps de rentrer pour elles ?\u00a0\u00bb<\/p>\n<p>Rym Renom se demande si elle ne va pas quitter Bali pour ses filles<\/p>\n<p>En voyant que ses deux petites filles sont vraiment tr\u00e8s heureuses en France, Rym Renom envisage alors un d\u00e9part de Bali. \u00ab\u00a0Je me pose beaucoup de questions&#8230; J&rsquo;\u00e9prouve un sentiment tr\u00e8s \u00e9trange en ce moment. Bali restera toujours mon endroit pr\u00e9f\u00e9r\u00e9 au monde, mais<b> peut-\u00eatre est-il temps de penser \u00e0 une installation plus stable, dans un lieu o\u00f9 mes filles peuvent grandir entour\u00e9es de leur famille<\/b>\u00ab\u00a0, a-t-elle fini par conclure.<\/p>\n<p>Article \u00e9crit avec la collaboration de 6m\u00e9dias.<\/p>\n<p>Rejoignez-nous sur Google News !<\/p>\n<p class=\"articleContent-pushTagline\">Abonnez-vous \u00e0 <a href=\"https:\/\/news.google.com\/publications\/CAAiEJwr-IZFXDFoZD1ePbkC_VcqFAgKIhCcK_iGRVwxaGQ9Xj25Av1X\" target=\"_blank\" rel=\"noopener\">T\u00e9l\u00e9 2 semaines sur Google News<\/a> pour ne manquer aucune info !<\/p>\n","protected":false},"excerpt":{"rendered":"Hier \u00e0 17:00 &#8211; par Aur\u00e9lie Hagopian Tweeter Partager sur Facebook Sur sa story Instagram du samedi 7&hellip;\n","protected":false},"author":2,"featured_media":159661,"comment_status":"","ping_status":"","sticky":false,"template":"","format":"standard","meta":{"footnotes":""},"categories":[1356],"tags":[58,59,1011,27,4583,2440,29119,4585,4580,4581,4582,682,252,3604,1364,4584],"class_list":{"0":"post-159660","1":"post","2":"type-post","3":"status-publish","4":"format-standard","5":"has-post-thumbnail","7":"category-television","8":"tag-divertissement","9":"tag-entertainment","10":"tag-fr","11":"tag-france","12":"tag-guid_6292226359001","13":"tag-instagram","14":"tag-mamans-et-cu00e9lu00e8bres","15":"tag-mamans-et-celebres","16":"tag-rym-renom","17":"tag-story","18":"tag-tel","19":"tag-tele-realite","20":"tag-television","21":"tag-tu00e9lu00e9-ru00e9alitu00e9","22":"tag-tv","23":"tag-uuid_4ea9c000-0702-469d-8d99-23b069324e95"},"share_on_mastodon":{"url":"https:\/\/pubeurope.com\/@fr\/114644901369637394","error":""},"_links":{"self":[{"href":"https:\/\/www.europesays.com\/fr\/wp-json\/wp\/v2\/posts\/159660","targetHints":{"allow":["GET"]}}],"collection":[{"href":"https:\/\/www.europesays.com\/fr\/wp-json\/wp\/v2\/posts"}],"about":[{"href":"https:\/\/www.europesays.com\/fr\/wp-json\/wp\/v2\/types\/post"}],"author":[{"embeddable":true,"href":"https:\/\/www.europesays.com\/fr\/wp-json\/wp\/v2\/users\/2"}],"replies":[{"embeddable":true,"href":"https:\/\/www.europesays.com\/fr\/wp-json\/wp\/v2\/comments?post=159660"}],"version-history":[{"count":0,"href":"https:\/\/www.europesays.com\/fr\/wp-json\/wp\/v2\/posts\/159660\/revisions"}],"wp:featuredmedia":[{"embeddable":true,"href":"https:\/\/www.europesays.com\/fr\/wp-json\/wp\/v2\/media\/159661"}],"wp:attachment":[{"href":"https:\/\/www.europesays.com\/fr\/wp-json\/wp\/v2\/media?parent=159660"}],"wp:term":[{"taxonomy":"category","embeddable":true,"href":"https:\/\/www.europesays.com\/fr\/wp-json\/wp\/v2\/categories?post=159660"},{"taxonomy":"post_tag","embeddable":true,"href":"https:\/\/www.europesays.com\/fr\/wp-json\/wp\/v2\/tags?post=159660"}],"curies":[{"name":"wp","href":"https:\/\/api.w.org\/{rel}","templated":true}]}}