{"id":159664,"date":"2025-06-08T00:26:20","date_gmt":"2025-06-08T00:26:20","guid":{"rendered":"https:\/\/www.europesays.com\/fr\/159664\/"},"modified":"2025-06-08T00:26:20","modified_gmt":"2025-06-08T00:26:20","slug":"un-acteur-de-la-saga-harry-potter-attendu-a-caen-ce-week-end-ou-et-quand-pourrez-vous-le-rencontrer-actu-fr","status":"publish","type":"post","link":"https:\/\/www.europesays.com\/fr\/159664\/","title":{"rendered":"Un acteur de la saga Harry Potter attendu \u00e0 Caen ce week-end : o\u00f9 et quand pourrez-vous le rencontrer ? &#8211; Actu.fr"},"content":{"rendered":"<ol>\n<li><a href=\"https:\/\/news.google.com\/rss\/articles\/CBMi5AFBVV95cUxPclJnN292NjNIdVU2ZXBzSVlVTHg2ZDhseEdCa3ROTDNsbHgtSFNDWUlOa21pRUZyV1l6ZDZBdFl3Wm9RaHhUSWVaaTZwSWpwYmN3MGVnSFZJQzYxVXJDRnF6eTZZcHpVWUMwOG9WRmg1bnBTekdYTHljUWNqTTlKdFZvaTVmQkFJajZaX1J0VTVLVlJlZWs4X2FfUjdiZm53Ny1MczEybXV6UlZCbDFmQ20zTEJiMkFxMm1KRmEtaG5STUFfRERVRVUtT1AwTTlvWlFtV2hRSFJkVzFYTnNWczJSb1c?oc=5\" target=\"_blank\" rel=\"noopener\">Un acteur de la saga Harry Potter attendu \u00e0 Caen ce week-end : o\u00f9 et quand pourrez-vous le rencontrer ?<\/a>&nbsp;&nbsp;Actu.fr<\/li>\n<li><a href=\"https:\/\/news.google.com\/rss\/articles\/CBMi2AFBVV95cUxNN0NqWk1LRGhWUktyMUNiTUUyVllMc1RPT09TLUV0OEpPeUZKVlJicFh6MWJfcWFlekYtY2g4alF5SUMyYnRISXAyTGpNTUd2cTd4aDA4S2VvSUlRYms4SWlmLWpvZXF4U0tndzVDb2dhYV82UmdGWkZzUUlPMXVBSy1DdXZNY2UyODFIajd0NG53X3FQOUY3d2pKU2t2REtBYzctOEhvMFJjbTlaWGdLc0NmLUxfUkozQkxVOUZKMk11S2hyOHJkeFNlTTZkWEpFbFd1cmxhTE4?oc=5\" target=\"_blank\" rel=\"noopener\">Les activit\u00e9s \u00e0 faire pendant le week-end de la Pentec\u00f4te \u00e0 Caen et autour : notre s\u00e9lection<\/a>&nbsp;&nbsp;Actu.fr<\/li>\n<li><a href=\"https:\/\/news.google.com\/rss\/articles\/CBMihgJBVV95cUxOMzhldC1nRDlQTlJkbTVwOUdLSjMyZjVVWVN0ZDRYRXM5clktZXBRaEEtc3dXN3UtLWVMZDVSS2NZS3VnVm12TDd4VC1jdzRibDdieWZvalZmQkduaW52NGlrbTlic1N1b2FkUmtjYTJpdGNmRTh2aVhJcXpxMUp6MjdBamxOUGVaZzJyQXRXTElXS1J3ai1ib3hWSFQ5YW1PN0pKcTRfNnRMZTQtWTY3NVNxelRsenhDZXJHeWw1dGQxRzFGS25NNFBTMmVFWEwzMFZHZ3psdmZTeUdSRG1TY0ZoWUgtcW1ZMk9TSDJpV1U0YXJTeFdpOUg5LXBhQndWdzRGTE5B?oc=5\" target=\"_blank\" rel=\"noopener\">Tatouages, drag-queens, Vikings\u2026 \u00c0 Caen, nos id\u00e9es de sorties pour le week-end du 7 et 8 juin<\/a>&nbsp;&nbsp;Ouest-France<\/li>\n<li><a href=\"https:\/\/news.google.com\/rss\/articles\/CBMi1AFBVV95cUxNeHRLa0R2X2hVVUFSbmtKaWk4eTNVZUdSZ0dJOURYaTRZeDlXd0ZSdWlFR0w1YU50TTJoTkNnQXFuZ182eEdMRFcyYUwzM212Z3N3U2tVLUphajVVUTk4NVotcktLUVRaTHJFeWFCU0FvTlVOM0FWbEhmT2s5Z2pJZDVTbXdsSmEzTnVvOGc0c00tUWdVYzFUc0Q0OUt1VVpTQ0lLbjc5THRxUFYzOXJSVXRzdVFfbTN4RkNHU2RUWEQwdFdZbUF2NkpuZVJHVjV6a01tOA?oc=5\" target=\"_blank\" rel=\"noopener\">Caen Tattoo Show : 200 tatoueurs et plein d&rsquo;animations ce week-end, au parc des expositions<\/a>&nbsp;&nbsp;Actu.fr<\/li>\n<li><a href=\"https:\/\/news.google.com\/rss\/articles\/CBMixAFBVV95cUxOVWpCMVMya0k2cy05OUNNMUNPdE1feVFGVTZYLVh0VW5FSFJ3eGJQVFFrZzZ0NUVlaHNrZWwySWltTE9GQ1JlR0t5REVzdnpCeGU1ZWw0RjBoc2dNandtX0VOUUhGY203U3plYXRERUJzaEtRT193dWVyQ19WS0FJRmgwbTRydnIxVXpaNG5FRjU1UDEtck10UEhNM1lVUjVGWXJRVm9sMkVScWZKd0wzblZOcU9EemZUamlzdm12WF91b2R3?oc=5\" target=\"_blank\" rel=\"noopener\">Salon. Le Caen Tattoo Show revient avec un week-end 100% tatouages et pop culture<\/a>&nbsp;&nbsp;tendanceouest.com<\/li>\n<\/ol>\n","protected":false},"excerpt":{"rendered":"Un acteur de la saga Harry Potter attendu \u00e0 Caen ce week-end : o\u00f9 et quand pourrez-vous le&hellip;\n","protected":false},"author":2,"featured_media":159665,"comment_status":"","ping_status":"","sticky":false,"template":"","format":"standard","meta":{"footnotes":""},"categories":[1354],"tags":[5492,5164,58,59,1346,1011,27,1652,1360,29120],"class_list":{"0":"post-159664","1":"post","2":"type-post","3":"status-publish","4":"format-standard","5":"has-post-thumbnail","7":"category-films","8":"tag-caen","9":"tag-calvados","10":"tag-divertissement","11":"tag-entertainment","12":"tag-films","13":"tag-fr","14":"tag-france","15":"tag-loisirs-culture","16":"tag-movies","17":"tag-parc-des-expositions-de-caen"},"share_on_mastodon":{"url":"https:\/\/pubeurope.com\/@fr\/114644908990855683","error":""},"_links":{"self":[{"href":"https:\/\/www.europesays.com\/fr\/wp-json\/wp\/v2\/posts\/159664","targetHints":{"allow":["GET"]}}],"collection":[{"href":"https:\/\/www.europesays.com\/fr\/wp-json\/wp\/v2\/posts"}],"about":[{"href":"https:\/\/www.europesays.com\/fr\/wp-json\/wp\/v2\/types\/post"}],"author":[{"embeddable":true,"href":"https:\/\/www.europesays.com\/fr\/wp-json\/wp\/v2\/users\/2"}],"replies":[{"embeddable":true,"href":"https:\/\/www.europesays.com\/fr\/wp-json\/wp\/v2\/comments?post=159664"}],"version-history":[{"count":0,"href":"https:\/\/www.europesays.com\/fr\/wp-json\/wp\/v2\/posts\/159664\/revisions"}],"wp:featuredmedia":[{"embeddable":true,"href":"https:\/\/www.europesays.com\/fr\/wp-json\/wp\/v2\/media\/159665"}],"wp:attachment":[{"href":"https:\/\/www.europesays.com\/fr\/wp-json\/wp\/v2\/media?parent=159664"}],"wp:term":[{"taxonomy":"category","embeddable":true,"href":"https:\/\/www.europesays.com\/fr\/wp-json\/wp\/v2\/categories?post=159664"},{"taxonomy":"post_tag","embeddable":true,"href":"https:\/\/www.europesays.com\/fr\/wp-json\/wp\/v2\/tags?post=159664"}],"curies":[{"name":"wp","href":"https:\/\/api.w.org\/{rel}","templated":true}]}}